{"id":78488,"date":"2025-03-17T10:30:00","date_gmt":"2025-03-17T16:30:00","guid":{"rendered":"https:\/\/zonaroja.com.mx\/?p=78488"},"modified":"2025-03-17T07:28:00","modified_gmt":"2025-03-17T13:28:00","slug":"opinion-a-casi-tres-meses-oaxaca-de-juarez-aun-visos-de-cambio","status":"publish","type":"post","link":"https:\/\/zonaroja.com.mx\/?p=78488","title":{"rendered":"Opini\u00f3n. A casi tres meses, Oaxaca de Ju\u00e1rez a\u00fan visos de cambio"},"content":{"rendered":"\n<p>Ismael Garc\u00eda M.\/Zona Roja.<\/p>\n\n\n\n<p>Oaxaca, Oax., a 17 de marzo de 2025.- A punto de llegar a los tres meses, el gobierno municipal de Oaxaca de Ju\u00e1rez a\u00fan no encuentra la br\u00fajula.<\/p>\n\n\n\n<p>Conflicto en la elecci\u00f3n de agentes municipales; creciente inseguridad y ejecuciones; protestas de sindicatos; despido de empleados de confianza; decisiones err\u00f3neas para destruir un puente y m\u00e1s.<\/p>\n\n\n\n<p>Definitivamente, Raymundo Chagoya Villanueva, descendiente de connotada familia de priistas, no encuentra la ruta y ante ello, su secretario de Gobierno, No\u00e9 Jara Cruz, paulatinamente va anunciando p\u00fablicamente que toma el control del ayuntamiento, que de manera informal ya tiene.<\/p>\n\n\n\n<p>Si bien fue postulado por morenistas bajo el membrete del Partido Verde Ecologista de M\u00e9xico, muy temprano Chagoya olvid\u00f3 el respaldo y su propio secretario Jara Cruz se encarg\u00f3 de precisar que es guinda cien por ciento.<\/p>\n\n\n\n<p>Pero por si fuera poco, hasta ahora no se han visto acciones reales m\u00e1s que tequios por doquier, como si fuera la panacea a todas las problem\u00e1ticas que vive la capital del estado.<\/p>\n\n\n\n<p>PODER REAL<\/p>\n\n\n\n<p>\u201cMe reun\u00ed con el Sindicato 3 de Marzo para escuchar sus inquietudes y abordar diversos temas importantes. En este gobierno municipal mantenemos una postura abierta y de respeto hacia todas las organizaciones, priorizando siempre el bienestar de las y los oaxaque\u00f1os\u201d.<\/p>\n\n\n\n<p>\u201cLos mercados son el coraz\u00f3n de Oaxaca, espacios llenos de tradici\u00f3n, sabor y cultura. Hoy recorrimos los mercados Benito Ju\u00e1rez y 20 de Noviembre para valorar sus instalaciones y trabajar en su mejora. Escuchamos a locatarios y seguimos impulsando acciones que fortalezcan estos espacios tan importantes para las y los oaxaque\u00f1os\u201d.<\/p>\n\n\n\n<p>\u201cRecorr\u00ed la Central de Abastos para supervisar el estado de la obra Pan y Comedores, un espacio clave para el bienestar de quienes trabajan y visitan este importante mercado. Seguimos impulsando acciones que mejoren las condiciones de la Central, porque sabemos que es el coraz\u00f3n comercial de Oaxaca y merece espacios dignos.\u201d, son publicaciones de los d\u00edas 12 y 13 de marzo del secretario de Gobierno.<\/p>\n\n\n\n<p>Mientras que el 8 de marzo difundi\u00f3:&nbsp;<\/p>\n\n\n\n<p>\u201cUn encuentro de di\u00e1logo y trabajo. Fue un gusto saludar y reunirme con la ministra Yazm\u00edn&nbsp; Esquivel Mossa en la Ciudad de M\u00e9xico, acompa\u00f1ado de Jorge Gandarillas y Rey Morales. Estas reuniones nos permiten fortalecer lazos y seguir construyendo soluciones en beneficio de Oaxaca\u201d.<\/p>\n\n\n\n<p>Son las m\u00e1s recientes publicaciones de No\u00e9 Jara, que detonan un creciente activismo en redes para hacer notar su poder, que lo tiene, pero que insiste en hacer patente de manera p\u00fablica.<\/p>\n\n\n\n<p>No es que no pueda hacerlo ni que tenga que reprimir sus ansias informativas para recluirse en el anonimato; pero lo que sucede es que con ello reitera lo que de manera popular se sabe desde hace mucho tiempo, que es \u00e9l quien tiene el control del ayuntamiento, por encima del presidente municipal formal.<\/p>\n\n\n\n<p>En trienios anteriores, incluso de morenistas, el secretario de Gobierno municipal se limitaba a cumplir su trabajo, principalmente de gobernabilidad, mientras que el edil en turno era el aut\u00e9ntico l\u00edder del equipo de trabajo.<\/p>\n\n\n\n<p>Pese a ello, ha habido varias irrupciones de sindicatos, incluso al interior del palacio municipal, que han puesto en duda el trabajo y el di\u00e1logo con los cinco gremios.<\/p>\n\n\n\n<p>Asimismo, las recientes elecciones en agencias municipales y de polic\u00eda \u2014en una de las cuales, Ejido Guadalupe Victoria, hubo violencia\u2014, evidencian tambi\u00e9n un descontrol de la pol\u00edtica de gobernabilidad.<\/p>\n\n\n\n<p>CRECIENTE INSEGURIDAD<\/p>\n\n\n\n<p>Otro de los saldos negativos de Raymundo Chagoya es en materia de seguridad, donde paulatinamente aumentan los casos de ejecuci\u00f3n de personas, como las sucedidas hace dos semanas en inmediaciones de la Central de Abasto y bajo el puente cerca del parque del Amor, as\u00ed como los feminicidios.<\/p>\n\n\n\n<p>En sus primeros d\u00edas de gobierno, el presidente municipal entreg\u00f3 una veintena de patrullas y motopatrullas para garantizar la vigilancia policiaca.<\/p>\n\n\n\n<p>Pero \u201calguien\u201d le sugiri\u00f3 que el balizado debiera llevar el color verde, supuestamente para remarcar al PVEM, lo que gener\u00f3 un rechazo social.<\/p>\n\n\n\n<p>El argumento que dio el edil no es cre\u00edble \u2014para que se visualizaran m\u00e1s r\u00e1pido\u2014 y pese a lo cual mantiene dichas unidades en colores ajenos a la crom\u00e1tica oficial.<\/p>\n\n\n\n<p>Pero con esas nuevas patrullas o sin esas, la vigilancia policial es pr\u00e1cticamente nula; todos los d\u00edas se difunden im\u00e1genes de \u201ccristalazos\u201d a veh\u00edculos en pleno Centro Hist\u00f3rico.<\/p>\n\n\n\n<p>Casi todos los d\u00edas tambi\u00e9n, alguien est\u00e1 pidiendo ayuda para localizar su veh\u00edculo robado.<\/p>\n\n\n\n<p>No hay, definitivamente, mejoras en la seguridad p\u00fablica, a pesar de la ayuda que tiene el ayuntamiento por parte de la Secretar\u00eda de Seguridad y Protecci\u00f3n Ciudadana de Oaxaca.<\/p>\n\n\n\n<p>Apenas este domingo, en la \u00faltima calle de Col\u00f3n, cerca del Perif\u00e9rico de la capital, los vecinos tuvieron que atrapar y amarrar a un presunto ladr\u00f3n, y todav\u00eda esperar varios minutos para que la polic\u00eda viniera por \u00e9l.<\/p>\n\n\n\n<p>Y como anta\u00f1o, las lonas de rechazo a la delincuencia en calles del Centro Hist\u00f3rico comienzan a ser colocadas por los mismos vecinos y comerciales, ante la nula respuesta institucional.<\/p>\n\n\n\n<p>Es larga la lista de hechos delictivos que han sucedido en casi tres meses del gobierno municipal pero no hay, no se ve por ning\u00fan lado, la reacci\u00f3n de la autoridad.<\/p>\n\n\n\n<p>\u00bfY LAS OBRAS?<\/p>\n\n\n\n<p>Por otro lado, tampoco hay hasta ahora ninguna obra p\u00fablica en el municipio de Oaxaca de Ju\u00e1rez.<\/p>\n\n\n\n<p>Se podr\u00e1 argumentar que los recursos presupuestales a\u00fan no llegan \u2014lo cual es falso\u2014; que a\u00fan no se conforma el consejo de desarrollo; que se est\u00e1n planeando; que se revisan las necesidades\u2026 pero no hay nada.<\/p>\n\n\n\n<p>Ni siquiera la intenci\u00f3n de exigir a la Sedatu que culmine ya los trabajos de rehabilitaci\u00f3n del Mercado de Abasto.<\/p>\n\n\n\n<p>Acaso la asignaci\u00f3n de un poco de recursos p\u00fablicos municipales para pavimentar algunas vialidades, pero en su gran mayor\u00eda, toda es obra del gobierno estatal.<\/p>\n\n\n\n<p>En cambio, Raymundo Chagoya comenz\u00f3 la destrucci\u00f3n de un puente peatonal, en el Perif\u00e9rico, a un costado de la Central de Abasto, bajo el argumento de que era peligroso, de que hab\u00eda muchos suicidios desde ah\u00ed y e que ya no serv\u00eda.<\/p>\n\n\n\n<p>Si se tomaran en serio esas justificaciones, entonces deber\u00edan decir cu\u00e1l es el plan para enfrentar ese fen\u00f3meno social de los suicidios, porque si no, tendr\u00edan que derribar m\u00e1s puentes peatonales, como el del Perif\u00e9rico a la altura de la colonia Miguel Alem\u00e1n.<\/p>\n\n\n\n<p>\u00bfAlguna soluci\u00f3n al problema de la basura? Ninguna, m\u00e1s que seguir dependiendo del Poder Ejecutivo estatal para que siga el derroche millonario del traslado de los desechos a otra entidad del pa\u00eds; no hay hasta ahora ning\u00fan plan de reciclaje, de formar conciencia para la separaci\u00f3n de la basura, nada. Por el contrario, en varias calles del Centro Hist\u00f3rico fueron eliminados los cestos para desechos y hasta ahora no han sido repuestos.<\/p>\n\n\n\n<p>Las peroratas en cambio han estado a la orden del d\u00eda, como los probables desv\u00edos de recursos en el trienio del tambi\u00e9n morenista Francisco Mart\u00ednez Neri.<\/p>\n\n\n\n<p>No dudamos que los haya, pero \u00bfya present\u00f3 las denuncias correspondientes? Por el contrario, cobija a varios ex funcionarios municipales como Ferdinando Rosado se\u00f1alados tambi\u00e9n de actos de corrupci\u00f3n.<\/p>\n\n\n\n<p>Por cierto, Chagoya no ha exigido claridad en los delitos cometidos en el trienio anterior, como el robo de veh\u00edculos en el encierro municipal. Claro, tampoco Mart\u00ednez Neri hizo lo propio con los excesos de Oswaldo Garc\u00eda Jarqu\u00edn\u2026 en aras de no \u00abmanchar\u00bb al morenismo.<\/p>\n","protected":false},"excerpt":{"rendered":"<p>Ismael Garc\u00eda M.\/Zona Roja. Oaxaca, Oax., a 17 de marzo de 2025.- A punto de&hellip;<\/p>\n","protected":false},"author":2,"featured_media":67529,"comment_status":"closed","ping_status":"open","sticky":false,"template":"","format":"standard","meta":{"_lmt_disableupdate":"","_lmt_disable":"","_jetpack_memberships_contains_paid_content":false,"footnotes":""},"categories":[456,109,48],"tags":[1353],"class_list":["post-78488","post","type-post","status-publish","format-standard","has-post-thumbnail","hentry","category-columna","category-minuto-a-minuto","category-zona-critica","tag-opinion-zona-critica"],"jetpack_featured_media_url":"https:\/\/zonaroja.com.mx\/wp-content\/uploads\/2024\/04\/Opinion-Zona-Critica-Ismael-Garcia.jpg","jetpack_sharing_enabled":true,"_links":{"self":[{"href":"https:\/\/zonaroja.com.mx\/index.php?rest_route=\/wp\/v2\/posts\/78488","targetHints":{"allow":["GET"]}}],"collection":[{"href":"https:\/\/zonaroja.com.mx\/index.php?rest_route=\/wp\/v2\/posts"}],"about":[{"href":"https:\/\/zonaroja.com.mx\/index.php?rest_route=\/wp\/v2\/types\/post"}],"author":[{"embeddable":true,"href":"https:\/\/zonaroja.com.mx\/index.php?rest_route=\/wp\/v2\/users\/2"}],"replies":[{"embeddable":true,"href":"https:\/\/zonaroja.com.mx\/index.php?rest_route=%2Fwp%2Fv2%2Fcomments&post=78488"}],"version-history":[{"count":1,"href":"https:\/\/zonaroja.com.mx\/index.php?rest_route=\/wp\/v2\/posts\/78488\/revisions"}],"predecessor-version":[{"id":78489,"href":"https:\/\/zonaroja.com.mx\/index.php?rest_route=\/wp\/v2\/posts\/78488\/revisions\/78489"}],"wp:featuredmedia":[{"embeddable":true,"href":"https:\/\/zonaroja.com.mx\/index.php?rest_route=\/wp\/v2\/media\/67529"}],"wp:attachment":[{"href":"https:\/\/zonaroja.com.mx\/index.php?rest_route=%2Fwp%2Fv2%2Fmedia&parent=78488"}],"wp:term":[{"taxonomy":"category","embeddable":true,"href":"https:\/\/zonaroja.com.mx\/index.php?rest_route=%2Fwp%2Fv2%2Fcategories&post=78488"},{"taxonomy":"post_tag","embeddable":true,"href":"https:\/\/zonaroja.com.mx\/index.php?rest_route=%2Fwp%2Fv2%2Ftags&post=78488"}],"curies":[{"name":"wp","href":"https:\/\/api.w.org\/{rel}","templated":true}]}}