{"id":78493,"date":"2025-03-17T12:33:00","date_gmt":"2025-03-17T18:33:00","guid":{"rendered":"https:\/\/zonaroja.com.mx\/?p=78493"},"modified":"2025-03-17T07:35:36","modified_gmt":"2025-03-17T13:35:36","slug":"excluyen-a-guerreros-buscadores-de-las-investigaciones-en-narcofinca","status":"publish","type":"post","link":"https:\/\/zonaroja.com.mx\/?p=78493","title":{"rendered":"Excluyen a Guerreros Buscadores de las investigaciones en \u201cnarcofinca\u201d"},"content":{"rendered":"\n<p>Redacci\u00f3n\/Zona Roja Cdmx.<\/p>\n\n\n\n<p>Ciudad de M\u00e9xico, a 17 de marzo de 2025.- La Comisi\u00f3n de B\u00fasqueda de Personas del Estado de Jalisco inform\u00f3 ayer, en un oficio enviado al colectivo Guerreros Buscadores, que la Fiscal\u00eda General de la Rep\u00fablica (FGR) \u201cdict\u00f3 la instrucci\u00f3n de que s\u00f3lo podr\u00e1 encontrarse en la zona personal de las instituciones que participa en el procesamiento realizado en el rancho Izaguirre\u201d, y por tanto \u00fanicamente podr\u00e1n regresar a la finca hasta que as\u00ed lo considere pertinente la dependencia federal que atrajo la investigaci\u00f3n del caso.<\/p>\n\n\n\n<p>\u201cCuando esta autoridad federal determine que puedan acudir como observadores, en tiempo y forma se les har\u00e1 saber\u201d, seg\u00fan el oficio SGG\/SSDDHH\/COBUPEJ\/1255\/2025, enviado ayer a Indira Navarro Lugo, fundadora del colectivo, firmado por el comisionado de B\u00fasqueda de Personas jalisciense, V\u00edctor Hugo \u00c1vila Barrientos.<\/p>\n\n\n\n<p>El documento fue difundido en las redes sociales de Guerreros Buscadores, que calific\u00f3 de \u201cinadmisible\u201d dicha instrucci\u00f3n y consider\u00f3 que se les pretende excluir, lo mismo que a otros grupos que rastrean a ausentes.<\/p>\n\n\n\n<p>\u201cViolan nuestros derechos como v\u00edctimas\u201d<\/p>\n\n\n\n<p>\u201cEst\u00e1n violando nuestros derechos como v\u00edctimas, solicitamos que intervenga la Comisi\u00f3n Nacional de los Derechos Humanos, pues no quieren que estemos presentes en el rancho Izaguirre (lugar atroz donde descubrimos la gran infamia de Jalisco) y por tanto en el procesamiento\u201d, reproch\u00f3 el colectivo.<\/p>\n\n\n\n<p>Puntualiz\u00f3: \u201cnosotros hicimos el trabajo que le corresponde al gobierno de Jalisco y ahora resulta que les incomodamos. No aceptaremos m\u00e1s simulaci\u00f3n del gobierno. Ya empezamos mal, Alejandro Gertz Manero (titular de la FGR) ya no soportamos tanta indolencia, falta de empat\u00eda y arrogancia gubernamentales, \u00a1ya basta!\u201d<\/p>\n\n\n\n<p>La publicaci\u00f3n registr\u00f3 en Facebook 6 mil 200 reacciones, tres horas despu\u00e9s de haber sido divulgada. En la red social X recibi\u00f3 en ese mismo lapso 743 reacciones y 28 mil vistas.<\/p>\n\n\n\n<p>Pide fiscal\u00eda no usar drones<\/p>\n\n\n\n<p>Mientras, la fiscal\u00eda del estado hizo una \u201cencarecida petici\u00f3n\u201d en el grupo de WhatsApp de reporteros que cubren la fuente de seguridad p\u00fablica, en el cual dio a conocer que \u201cel personal operativo estatal y federal est\u00e1 trabajando en la zona, y por seguridad es importante mantener tanto el sigilo de la revisi\u00f3n, como la identidad de los elementos que ah\u00ed laboran\u201d, por lo cual \u201ccomprender\u00e1n que cualquier dron que vuele por la zona puede ser considerado sospechoso al ignorarse qui\u00e9n lo opera\u201d.<\/p>\n\n\n\n<p>Exhort\u00f3 a los medios que acudan al rancho que si llevan un dron \u201clo notifiquen antes al equipo de comunicaci\u00f3n social para que lo eval\u00faen las autoridades presentes, tanto federales como estatales\u201d.<\/p>\n\n\n\n<p>(Informaci\u00f3n de \u201cLa Jornada\u201d)<\/p>\n","protected":false},"excerpt":{"rendered":"<p>Redacci\u00f3n\/Zona Roja Cdmx. Ciudad de M\u00e9xico, a 17 de marzo de 2025.- La Comisi\u00f3n de&hellip;<\/p>\n","protected":false},"author":2,"featured_media":78434,"comment_status":"closed","ping_status":"open","sticky":false,"template":"","format":"standard","meta":{"_lmt_disableupdate":"","_lmt_disable":"","_jetpack_memberships_contains_paid_content":false,"footnotes":""},"categories":[109,47],"tags":[4255],"class_list":["post-78493","post","type-post","status-publish","format-standard","has-post-thumbnail","hentry","category-minuto-a-minuto","category-zona-gris","tag-teuchitlan-jalisco"],"jetpack_featured_media_url":"https:\/\/zonaroja.com.mx\/wp-content\/uploads\/2025\/03\/Rancho-Izaguirre.jpg","jetpack_sharing_enabled":true,"_links":{"self":[{"href":"https:\/\/zonaroja.com.mx\/index.php?rest_route=\/wp\/v2\/posts\/78493","targetHints":{"allow":["GET"]}}],"collection":[{"href":"https:\/\/zonaroja.com.mx\/index.php?rest_route=\/wp\/v2\/posts"}],"about":[{"href":"https:\/\/zonaroja.com.mx\/index.php?rest_route=\/wp\/v2\/types\/post"}],"author":[{"embeddable":true,"href":"https:\/\/zonaroja.com.mx\/index.php?rest_route=\/wp\/v2\/users\/2"}],"replies":[{"embeddable":true,"href":"https:\/\/zonaroja.com.mx\/index.php?rest_route=%2Fwp%2Fv2%2Fcomments&post=78493"}],"version-history":[{"count":1,"href":"https:\/\/zonaroja.com.mx\/index.php?rest_route=\/wp\/v2\/posts\/78493\/revisions"}],"predecessor-version":[{"id":78494,"href":"https:\/\/zonaroja.com.mx\/index.php?rest_route=\/wp\/v2\/posts\/78493\/revisions\/78494"}],"wp:featuredmedia":[{"embeddable":true,"href":"https:\/\/zonaroja.com.mx\/index.php?rest_route=\/wp\/v2\/media\/78434"}],"wp:attachment":[{"href":"https:\/\/zonaroja.com.mx\/index.php?rest_route=%2Fwp%2Fv2%2Fmedia&parent=78493"}],"wp:term":[{"taxonomy":"category","embeddable":true,"href":"https:\/\/zonaroja.com.mx\/index.php?rest_route=%2Fwp%2Fv2%2Fcategories&post=78493"},{"taxonomy":"post_tag","embeddable":true,"href":"https:\/\/zonaroja.com.mx\/index.php?rest_route=%2Fwp%2Fv2%2Ftags&post=78493"}],"curies":[{"name":"wp","href":"https:\/\/api.w.org\/{rel}","templated":true}]}}