{"id":78495,"date":"2025-03-17T12:35:00","date_gmt":"2025-03-17T18:35:00","guid":{"rendered":"https:\/\/zonaroja.com.mx\/?p=78495"},"modified":"2025-03-17T07:38:32","modified_gmt":"2025-03-17T13:38:32","slug":"en-paz-cambio-de-autoridades-auxiliares-en-santa-cruz-xoxocotlan","status":"publish","type":"post","link":"https:\/\/zonaroja.com.mx\/?p=78495","title":{"rendered":"En paz, cambio de autoridades auxiliares en Santa Cruz Xoxocotl\u00e1n"},"content":{"rendered":"\n<p>Redacci\u00f3n\/Zona Roja.<\/p>\n\n\n\n<p>Oaxaca de Ju\u00e1rez, Oax., 17 de marzo de 2025.- En un acto de compromiso con el desarrollo y bienestar del municipio, la presidenta municipal de Santa Cruz Xoxocotl\u00e1n, Nancy Ben\u00edtez Z\u00e1rate, tom\u00f3 protesta a los nuevos agentes municipales de San Juan Bautista La Raya, Nazareno y la Ex-Garita, junto con los integrantes de sus respectivos cabildos.<\/p>\n\n\n\n<p>\u00abEstoy segura de que con gran compromiso y responsabilidad estar\u00e1n al servicio de la ciudadan\u00eda. A trav\u00e9s del Honorable Ayuntamiento de Santa Cruz Xoxocotl\u00e1n trabajaremos de manera coordinada con cada agencia municipal para lograr el bienestar de todas y todos los xoxe\u00f1os\u00bb, destac\u00f3 la edil.<\/p>\n\n\n\n<p>En oficinas del municipio, Hugo Aguilar Blas de San Juan Bautista La Raya, asumi\u00f3 el cargo como agente municipal, acompa\u00f1ado por su Cabildo. En su mensaje, Ben\u00edtez Z\u00e1rate reafirm\u00f3 su compromiso de colaborar estrechamente con esta agencia para impulsar el progreso de sus habitantes.<\/p>\n\n\n\n<p>Posteriormente, en la agencia de Nazareno Xoxo, la presidenta municipal encabez\u00f3 la toma de protesta de Miguel Navarro Balderas, nuevo agente municipal, junto con los integrantes de su administraci\u00f3n. \u00abNos hemos comprometido a trabajar en conjunto para impulsar el bienestar y el desarrollo de la comunidad\u00bb, enfatiz\u00f3.<\/p>\n\n\n\n<p>Finalmente, en oficinas del municipio,&nbsp;&nbsp;se llev\u00f3 a cabo la toma de protesta de Fernando C\u00f3rdova Albores como nuevo agente municipal la Ex-Garita, en el periodo 2025-2027.&nbsp;<\/p>\n\n\n\n<p>El Ayuntamiento de Santa Cruz Xoxocotl\u00e1n reafirma su compromiso de trabajar de manera coordinada con cada una de las agencias municipales para garantizar mejores condiciones de vida para la poblaci\u00f3n y fortalecer el desarrollo del municipio.&nbsp;<\/p>\n","protected":false},"excerpt":{"rendered":"<p>Redacci\u00f3n\/Zona Roja. Oaxaca de Ju\u00e1rez, Oax., 17 de marzo de 2025.- En un acto de&hellip;<\/p>\n","protected":false},"author":2,"featured_media":78496,"comment_status":"closed","ping_status":"open","sticky":false,"template":"","format":"standard","meta":{"_lmt_disableupdate":"","_lmt_disable":"","_jetpack_memberships_contains_paid_content":false,"footnotes":""},"categories":[109,46],"tags":[133],"class_list":["post-78495","post","type-post","status-publish","format-standard","has-post-thumbnail","hentry","category-minuto-a-minuto","category-zona-blanca","tag-santa-cruz-xoxocotlan"],"jetpack_featured_media_url":"https:\/\/zonaroja.com.mx\/wp-content\/uploads\/2025\/03\/toma-de-protesta-a-nuevos-agentes-Xoxo-3.jpeg","jetpack_sharing_enabled":true,"_links":{"self":[{"href":"https:\/\/zonaroja.com.mx\/index.php?rest_route=\/wp\/v2\/posts\/78495","targetHints":{"allow":["GET"]}}],"collection":[{"href":"https:\/\/zonaroja.com.mx\/index.php?rest_route=\/wp\/v2\/posts"}],"about":[{"href":"https:\/\/zonaroja.com.mx\/index.php?rest_route=\/wp\/v2\/types\/post"}],"author":[{"embeddable":true,"href":"https:\/\/zonaroja.com.mx\/index.php?rest_route=\/wp\/v2\/users\/2"}],"replies":[{"embeddable":true,"href":"https:\/\/zonaroja.com.mx\/index.php?rest_route=%2Fwp%2Fv2%2Fcomments&post=78495"}],"version-history":[{"count":1,"href":"https:\/\/zonaroja.com.mx\/index.php?rest_route=\/wp\/v2\/posts\/78495\/revisions"}],"predecessor-version":[{"id":78497,"href":"https:\/\/zonaroja.com.mx\/index.php?rest_route=\/wp\/v2\/posts\/78495\/revisions\/78497"}],"wp:featuredmedia":[{"embeddable":true,"href":"https:\/\/zonaroja.com.mx\/index.php?rest_route=\/wp\/v2\/media\/78496"}],"wp:attachment":[{"href":"https:\/\/zonaroja.com.mx\/index.php?rest_route=%2Fwp%2Fv2%2Fmedia&parent=78495"}],"wp:term":[{"taxonomy":"category","embeddable":true,"href":"https:\/\/zonaroja.com.mx\/index.php?rest_route=%2Fwp%2Fv2%2Fcategories&post=78495"},{"taxonomy":"post_tag","embeddable":true,"href":"https:\/\/zonaroja.com.mx\/index.php?rest_route=%2Fwp%2Fv2%2Ftags&post=78495"}],"curies":[{"name":"wp","href":"https:\/\/api.w.org\/{rel}","templated":true}]}}