{"id":78501,"date":"2025-03-17T12:04:29","date_gmt":"2025-03-17T18:04:29","guid":{"rendered":"https:\/\/zonaroja.com.mx\/?p=78501"},"modified":"2025-03-17T12:04:29","modified_gmt":"2025-03-17T18:04:29","slug":"crimen-organizado-tenia-sus-camaras-de-seguridad-en-huatulco","status":"publish","type":"post","link":"https:\/\/zonaroja.com.mx\/?p=78501","title":{"rendered":"Crimen organizado ten\u00eda sus c\u00e1maras de seguridad en Huatulco"},"content":{"rendered":"\n<p>Raymundo Morales\/Zona Roja.&nbsp;<\/p>\n\n\n\n<p class=\"MsoNormal\">Oaxaca de Ju\u00e1rez, Oax., a 17 de marzo de 2025.-Presuntos grupos del crimen organizado ten\u00edan instaladas m\u00e1s de 40 c\u00e1maras de videovigilancia en Huatulco.&nbsp;<\/p>\n\n\n\n<p class=\"MsoNormal\">La Fiscal\u00eda General del Estado de Oaxaca (FGEO) inform\u00f3 que&nbsp;en estrecha coordinaci\u00f3n con el Secretar\u00eda de la Defensa Nacional (Defensa) y la Guardia Nacional, desinstalaron y aseguraron m\u00e1s de 40 c\u00e1maras en circuito cerrado.<\/p>\n\n\n\n<p class=\"MsoNormal\">Estaban instaladas en diferentes calles de Santa Cruz Huatulco, \u201clas cuales, presumiblemente serv\u00edan para labores de vigilancia para c\u00e9lulas delictivas que operan en esa zona de la Costa de Oaxaca\u201d.<\/p>\n\n\n\n<p class=\"MsoNormal\">Detall\u00f3 que estas acciones contundentes de combate al fen\u00f3meno delictivo son parte de la estrategia estatal de seguridad p\u00fablica derivadas de la \u201cCampa\u00f1a del Combate al Narcomenudeo y Sustancias Prohibidas\u201d, por la cual se implementan diferentes tipos de operativos en esta franja de Oaxaca.<\/p>\n\n\n\n<p class=\"MsoNormal\">Adem\u00e1s de las c\u00e1maras de seguridad, se logr\u00f3 el aseguramiento de decenas de dosis de drogas, as\u00ed como una motocicleta, expuso la instituci\u00f3n.&nbsp;<\/p>\n\n\n\n<p class=\"MsoNormal\">Por la naturaleza de los objetos asegurados, estos fueron puestos a disposici\u00f3n de la Fiscal\u00eda General de la Rep\u00fablica para dar seguimiento a las investigaciones en torno a este caso.<\/p>\n\n\n\n<p class=\"MsoNormal\">\u201cLa Fiscal\u00eda de Oaxaca intensifica las labores de campo en regiones como la Costa para contener y combatir el fen\u00f3meno delictivo para garantizar la seguridad p\u00fablica y la paz social a favor de la ciudadan\u00eda\u201d, detall\u00f3 la Fiscal\u00eda, que preside Bernardo Rodr\u00edguez Alamilla. &nbsp;<\/p>\n\n\n\n<p><\/p>\n","protected":false},"excerpt":{"rendered":"<p>Raymundo Morales\/Zona Roja.&nbsp; Oaxaca de Ju\u00e1rez, Oax., a 17 de marzo de 2025.-Presuntos grupos del&hellip;<\/p>\n","protected":false},"author":2,"featured_media":78500,"comment_status":"closed","ping_status":"open","sticky":false,"template":"","format":"standard","meta":{"_lmt_disableupdate":"","_lmt_disable":"","_jetpack_memberships_contains_paid_content":false,"footnotes":""},"categories":[109,46],"tags":[],"class_list":["post-78501","post","type-post","status-publish","format-standard","has-post-thumbnail","hentry","category-minuto-a-minuto","category-zona-blanca"],"jetpack_featured_media_url":"https:\/\/zonaroja.com.mx\/wp-content\/uploads\/2025\/03\/img_3193-1.jpg","jetpack_sharing_enabled":true,"_links":{"self":[{"href":"https:\/\/zonaroja.com.mx\/index.php?rest_route=\/wp\/v2\/posts\/78501","targetHints":{"allow":["GET"]}}],"collection":[{"href":"https:\/\/zonaroja.com.mx\/index.php?rest_route=\/wp\/v2\/posts"}],"about":[{"href":"https:\/\/zonaroja.com.mx\/index.php?rest_route=\/wp\/v2\/types\/post"}],"author":[{"embeddable":true,"href":"https:\/\/zonaroja.com.mx\/index.php?rest_route=\/wp\/v2\/users\/2"}],"replies":[{"embeddable":true,"href":"https:\/\/zonaroja.com.mx\/index.php?rest_route=%2Fwp%2Fv2%2Fcomments&post=78501"}],"version-history":[{"count":1,"href":"https:\/\/zonaroja.com.mx\/index.php?rest_route=\/wp\/v2\/posts\/78501\/revisions"}],"predecessor-version":[{"id":78502,"href":"https:\/\/zonaroja.com.mx\/index.php?rest_route=\/wp\/v2\/posts\/78501\/revisions\/78502"}],"wp:featuredmedia":[{"embeddable":true,"href":"https:\/\/zonaroja.com.mx\/index.php?rest_route=\/wp\/v2\/media\/78500"}],"wp:attachment":[{"href":"https:\/\/zonaroja.com.mx\/index.php?rest_route=%2Fwp%2Fv2%2Fmedia&parent=78501"}],"wp:term":[{"taxonomy":"category","embeddable":true,"href":"https:\/\/zonaroja.com.mx\/index.php?rest_route=%2Fwp%2Fv2%2Fcategories&post=78501"},{"taxonomy":"post_tag","embeddable":true,"href":"https:\/\/zonaroja.com.mx\/index.php?rest_route=%2Fwp%2Fv2%2Ftags&post=78501"}],"curies":[{"name":"wp","href":"https:\/\/api.w.org\/{rel}","templated":true}]}}