{"id":7851,"date":"2020-01-20T07:29:36","date_gmt":"2020-01-20T13:29:36","guid":{"rendered":"http:\/\/www.zonaroja.com.mx\/?p=7851"},"modified":"2020-01-20T07:29:40","modified_gmt":"2020-01-20T13:29:40","slug":"en-tres-dias-amlo-visito-cinco-municipios-de-oaxaca-promete-volver-en-marzo","status":"publish","type":"post","link":"https:\/\/zonaroja.com.mx\/?p=7851","title":{"rendered":"En tres d\u00edas, AMLO visit\u00f3 cinco municipios de Oaxaca; promete volver en marzo"},"content":{"rendered":"\n<p>Redacci\u00f3n\/Zona Roja.<\/p>\n\n\n\n<p>Oaxaca de Ju\u00e1rez, Oax., 20 de enero de\n2020.- En Santo Domingo Xagac\u00eda, regi\u00f3n Sierra Norte, culmin\u00f3 el Presidente\nAndr\u00e9s Manuel L\u00f3pez Obrador tres d\u00edas de gira por Oaxaca, en que visit\u00f3 cinco\nmunicipios ind\u00edgenas y alejados de la capital, para inaugurar de manera\nsimb\u00f3lica un total de 25 caminos pavimentados con concreto hidr\u00e1ulico de manera\nartesanal.<\/p>\n\n\n\n<p>Pero adem\u00e1s, durante su gira por la\nMixteca, el mandatario mexicano anunci\u00f3 que el 20 de marzo volver\u00e1 a Oaxaca,\npara inaugurar el hospital general ubicado en la Heroica Ciudad de Tlaxiaco.<\/p>\n\n\n\n<p>El mandatario y el gobernador Alejandro\nMurat Hinojosa iniciaron las actividades el pasado viernes, en que visitaron\nSan Antonio Sinicahua; el s\u00e1bado acudieron a Santos Reyes Yucun\u00e1 y San Andr\u00e9s\nNuxi\u00f1o, y ayer acudieron a Santa Mar\u00eda Tenpantiali y Santo Domingo Xagac\u00eda.<\/p>\n\n\n\n<p>En Tepantlai, L\u00f3pez Obrador asegur\u00f3 que\nse mantendr\u00e1n los programas sociales y comprometi\u00f3 que, a m\u00e1s tardar en 2023,\ntodos los caminos del estado estar\u00e1n hechos de concreto, con la participaci\u00f3n\nde las comunidades.<\/p>\n\n\n\n<p>En Xagac\u00eda reconoci\u00f3 el trabajo y la colaboraci\u00f3n del gobernador Alejandro Murat Hinojosa, \u201cquien se ha portado al 100\u201d. Y a su vez el gobernador defendi\u00f3 la operaci\u00f3n del Instituto de Salud para el Bienestar (Insabi).<\/p>\n\n\n\n<figure class=\"wp-block-embed-twitter wp-block-embed is-type-rich is-provider-twitter\"><div class=\"wp-block-embed__wrapper\">\n<div class=\"twitter-tweet\"><blockquote class=\"twitter-tweet\" data-lang=\"es\"><p lang=\"es\" dir=\"ltr\">En su tercer d\u00eda por <a href=\"https:\/\/twitter.com\/hashtag\/Oaxaca?src=hash&amp;ref_src=twsrc%5Etfw\">#Oaxaca<\/a>, el Presidente <a href=\"https:\/\/twitter.com\/lopezobrador_?ref_src=twsrc%5Etfw\">@lopezobrador_<\/a> se encuentra esta ma\u00f1ana en Santa Mar\u00eda Tepantlalli Mixe; habla el gobernador <a href=\"https:\/\/twitter.com\/alejandromurat?ref_src=twsrc%5Etfw\">@alejandromurat<\/a>: <a href=\"https:\/\/t.co\/z7oGAibKlL\">pic.twitter.com\/z7oGAibKlL<\/a><\/p>&mdash; Zona Roja Oaxaca (@MexRoja) <a href=\"https:\/\/twitter.com\/MexRoja\/status\/1218951345539108864?ref_src=twsrc%5Etfw\">19 de enero de 2020<\/a><\/blockquote><\/div>\n<\/div><\/figure>\n\n\n\n<p>Murat Hinojosa expres\u00f3: \u201cPor ah\u00ed dicen\nque en mundo de ciegos, el tuerto es rey. Por eso dec\u00edan que el Seguro Popular\nserv\u00eda, porque quer\u00edan que se acepte lo menos peor\u201d.<\/p>\n\n\n\n<p>El Insabi, agreg\u00f3, \u201ces la mejor forma\nde otorgar servicios de salud de manera diferente y es lo que quiere el pueblo\nde Oaxaca\u201d.<\/p>\n\n\n\n<p>L\u00f3pez Obrador se\u00f1al\u00f3 que los servicios\ny medicamentos en el Insabi no tienen por qu\u00e9 cobrarse a los pacientes. Vamos a\ngarantizar que no falten m\u00e9dicos ni medicinas. Atenci\u00f3n gratuita. No va a ser\nf\u00e1cil porque hab\u00eda mucha corrupci\u00f3n en todo, se robaban hasta el dinero de las\nmedicinas, asegur\u00f3.<\/p>\n\n\n\n<p>Tambi\u00e9n confirm\u00f3 que \u201cSembrando Vida\u201d se aplicar\u00e1 durante todo su sexenio, este a\u00f1o se incluir\u00e1 a Oaxaca, y que comenzar\u00e1 a desarrollarse Internet para Todos \u2013que proveer\u00e1 una filial de Comisi\u00f3n Federal de Electricidad\u2013, para no padecer porque no hay se\u00f1al, hay que subirse a los cerros para ver si se encuentra la ansiada se\u00f1al.<\/p>\n\n\n\n<p><\/p>\n","protected":false},"excerpt":{"rendered":"<p>Redacci\u00f3n\/Zona Roja. Oaxaca de Ju\u00e1rez, Oax., 20 de enero de 2020.- En Santo Domingo Xagac\u00eda,&hellip;<\/p>\n","protected":false},"author":2,"featured_media":7852,"comment_status":"closed","ping_status":"open","sticky":false,"template":"","format":"standard","meta":{"_lmt_disableupdate":"","_lmt_disable":"","_jetpack_memberships_contains_paid_content":false,"footnotes":""},"categories":[109,46,49],"tags":[143],"class_list":["post-7851","post","type-post","status-publish","format-standard","has-post-thumbnail","hentry","category-minuto-a-minuto","category-zona-blanca","category-zona-fresa","tag-andres-manuel-lopez-obrador"],"jetpack_featured_media_url":"https:\/\/zonaroja.com.mx\/wp-content\/uploads\/2020\/01\/AMLO-Sierra-Norte.jpg","jetpack_sharing_enabled":true,"_links":{"self":[{"href":"https:\/\/zonaroja.com.mx\/index.php?rest_route=\/wp\/v2\/posts\/7851","targetHints":{"allow":["GET"]}}],"collection":[{"href":"https:\/\/zonaroja.com.mx\/index.php?rest_route=\/wp\/v2\/posts"}],"about":[{"href":"https:\/\/zonaroja.com.mx\/index.php?rest_route=\/wp\/v2\/types\/post"}],"author":[{"embeddable":true,"href":"https:\/\/zonaroja.com.mx\/index.php?rest_route=\/wp\/v2\/users\/2"}],"replies":[{"embeddable":true,"href":"https:\/\/zonaroja.com.mx\/index.php?rest_route=%2Fwp%2Fv2%2Fcomments&post=7851"}],"version-history":[{"count":1,"href":"https:\/\/zonaroja.com.mx\/index.php?rest_route=\/wp\/v2\/posts\/7851\/revisions"}],"predecessor-version":[{"id":7853,"href":"https:\/\/zonaroja.com.mx\/index.php?rest_route=\/wp\/v2\/posts\/7851\/revisions\/7853"}],"wp:featuredmedia":[{"embeddable":true,"href":"https:\/\/zonaroja.com.mx\/index.php?rest_route=\/wp\/v2\/media\/7852"}],"wp:attachment":[{"href":"https:\/\/zonaroja.com.mx\/index.php?rest_route=%2Fwp%2Fv2%2Fmedia&parent=7851"}],"wp:term":[{"taxonomy":"category","embeddable":true,"href":"https:\/\/zonaroja.com.mx\/index.php?rest_route=%2Fwp%2Fv2%2Fcategories&post=7851"},{"taxonomy":"post_tag","embeddable":true,"href":"https:\/\/zonaroja.com.mx\/index.php?rest_route=%2Fwp%2Fv2%2Ftags&post=7851"}],"curies":[{"name":"wp","href":"https:\/\/api.w.org\/{rel}","templated":true}]}}