{"id":78516,"date":"2025-03-18T10:36:00","date_gmt":"2025-03-18T16:36:00","guid":{"rendered":"https:\/\/zonaroja.com.mx\/?p=78516"},"modified":"2025-03-18T07:15:06","modified_gmt":"2025-03-18T13:15:06","slug":"norona-otra-vez-quien-dice-que-esos-zapatos-son-de-personas-desaparecidas","status":"publish","type":"post","link":"https:\/\/zonaroja.com.mx\/?p=78516","title":{"rendered":"Noro\u00f1a otra vez: \u00ab\u00bfQui\u00e9n dice que esos zapatos son de personas desaparecidas?\u201d"},"content":{"rendered":"\n<p>Redacci\u00f3n\/Zona Roja Cdmx.<\/p>\n\n\n\n<p>Ciudad de M\u00e9xico, a 18 de marzo de 2025.- El presidente de la Mesa Directiva del Senado, Gerardo Fern\u00e1ndez Noro\u00f1a, asegur\u00f3 que por ahora s\u00f3lo hay especulaciones en torno al Rancho Izaguirre en Teuchitl\u00e1n, Jalisco, y puso en duda que los zapatos encontrados pertenezcan a personas desaparecidas.<\/p>\n\n\n\n<p>\u201cSi las presunciones son ciertas, pues son presunciones. Hay 200 zapatos ah\u00ed, s\u00ed. Pero, \u00bfqui\u00e9n dice que esos zapatos son de personas desaparecidas, que lo que se viene contando es cierto?\u201d, cuestion\u00f3.<\/p>\n\n\n\n<p>Hace dos semanas la organizaci\u00f3n Guerreros Buscadores de Jalisco hall\u00f3 al menos tres hornos crematorios en el rancho Izaguirre con presuntos restos humanos, zapatos, decenas de prendas de vestir y objetos personales de cientos de personas cuyo destino se desconoce.<\/p>\n\n\n\n<p>El senador sostuvo, en su transmisi\u00f3n diaria en Facebook, que \u201cno tiene por qu\u00e9 dudar\u201d de que los objetos fueron hallados en el Rancho, pero consider\u00f3 que son suposiciones el asegurar que pertenecen a personas desaparecidas.<\/p>\n\n\n\n<p>\u201cNo tengo por qu\u00e9 dudarlo, pero hay una investigaci\u00f3n en proceso\u201d, indic\u00f3 el legislador al atribuir la difusi\u00f3n del caso al \u201cgolpeteo pol\u00edtico\u201d que \u2013seg\u00fan \u00e9l\u2013 es la \u00fanica l\u00ednea que hay en la prensa.<\/p>\n\n\n\n<p>Dijo los medios de comunicaci\u00f3n solo quieren culpar al Gobierno federal de lo ocurrido en Teuchitl\u00e1n, Jalisco, por lo que pidi\u00f3 esperar al resultado de las investigaciones. \u201cEs un asunto de inter\u00e9s nacional y los medios locales se van con la misma l\u00ednea, de golpeteo\u201d, mencion\u00f3.<\/p>\n\n\n\n<p>(Nota de \u201cExpansi\u00f3n Pol\u00edtica\u201d)<\/p>\n","protected":false},"excerpt":{"rendered":"<p>Redacci\u00f3n\/Zona Roja Cdmx. Ciudad de M\u00e9xico, a 18 de marzo de 2025.- El presidente de&hellip;<\/p>\n","protected":false},"author":2,"featured_media":78517,"comment_status":"closed","ping_status":"open","sticky":false,"template":"","format":"standard","meta":{"_lmt_disableupdate":"","_lmt_disable":"","_jetpack_memberships_contains_paid_content":false,"footnotes":""},"categories":[109,47],"tags":[4256],"class_list":["post-78516","post","type-post","status-publish","format-standard","has-post-thumbnail","hentry","category-minuto-a-minuto","category-zona-gris","tag-gerardo-fernandez-norona"],"jetpack_featured_media_url":"https:\/\/zonaroja.com.mx\/wp-content\/uploads\/2025\/03\/Gerardo-Fernandez-Norona.png.jpeg","jetpack_sharing_enabled":true,"_links":{"self":[{"href":"https:\/\/zonaroja.com.mx\/index.php?rest_route=\/wp\/v2\/posts\/78516","targetHints":{"allow":["GET"]}}],"collection":[{"href":"https:\/\/zonaroja.com.mx\/index.php?rest_route=\/wp\/v2\/posts"}],"about":[{"href":"https:\/\/zonaroja.com.mx\/index.php?rest_route=\/wp\/v2\/types\/post"}],"author":[{"embeddable":true,"href":"https:\/\/zonaroja.com.mx\/index.php?rest_route=\/wp\/v2\/users\/2"}],"replies":[{"embeddable":true,"href":"https:\/\/zonaroja.com.mx\/index.php?rest_route=%2Fwp%2Fv2%2Fcomments&post=78516"}],"version-history":[{"count":1,"href":"https:\/\/zonaroja.com.mx\/index.php?rest_route=\/wp\/v2\/posts\/78516\/revisions"}],"predecessor-version":[{"id":78518,"href":"https:\/\/zonaroja.com.mx\/index.php?rest_route=\/wp\/v2\/posts\/78516\/revisions\/78518"}],"wp:featuredmedia":[{"embeddable":true,"href":"https:\/\/zonaroja.com.mx\/index.php?rest_route=\/wp\/v2\/media\/78517"}],"wp:attachment":[{"href":"https:\/\/zonaroja.com.mx\/index.php?rest_route=%2Fwp%2Fv2%2Fmedia&parent=78516"}],"wp:term":[{"taxonomy":"category","embeddable":true,"href":"https:\/\/zonaroja.com.mx\/index.php?rest_route=%2Fwp%2Fv2%2Fcategories&post=78516"},{"taxonomy":"post_tag","embeddable":true,"href":"https:\/\/zonaroja.com.mx\/index.php?rest_route=%2Fwp%2Fv2%2Ftags&post=78516"}],"curies":[{"name":"wp","href":"https:\/\/api.w.org\/{rel}","templated":true}]}}