{"id":78537,"date":"2025-03-18T20:32:36","date_gmt":"2025-03-19T02:32:36","guid":{"rendered":"https:\/\/zonaroja.com.mx\/?p=78537"},"modified":"2025-03-18T20:32:38","modified_gmt":"2025-03-19T02:32:38","slug":"ejecutan-a-una-mujer-en-el-istmo-confirman-secuestro-en-valles-centrales","status":"publish","type":"post","link":"https:\/\/zonaroja.com.mx\/?p=78537","title":{"rendered":"Ejecutan a una mujer en el Istmo; confirman secuestro en Valles Centrales"},"content":{"rendered":"\n<p>Ismael Garc\u00eda M.\/Zona Roja.<\/p>\n\n\n\n<p>Oaxaca de Ju\u00e1rez, Oax., a 18 de marzo de 2025.- Una mujer fue torturada, maniatada y asesinada a balazos en la regi\u00f3n del Istmo de Tehuantepec, mientras que en Valles Centrales se confirm\u00f3 el secuestro de una persona del sexo masculino.<\/p>\n\n\n\n<p>Fue en el camino a la localidad Rinc\u00f3n Viejo, del municipio de Santo Domingo Tehuantepec, en que localizaron hoy el cuerpo sin vida de una femenina, atada de pies y manos, as\u00ed como huellas de tortura y disparos de arma de fuego.<\/p>\n\n\n\n<p>La v\u00edctima a\u00fan no ha sido identificada y personal de la Vicefiscal\u00eda Regional del Istmo indaga los hechos.<\/p>\n\n\n\n<p>Por otra parte, tanto la Secretar\u00eda de Seguridad y Protecci\u00f3n Ciudadana como la Fiscal\u00eda General del Estado de Oaxaca confirmaron un secuestro ocurrido ayer en el centro del municipio de Ocotl\u00e1n de Morelos.<\/p>\n\n\n\n<p>Seg\u00fan se aprecia en el video que se difundi\u00f3, fueron varias personas subieron por la fuerza un individuo a una unidad de motor de color negro y sin placas de circulaci\u00f3n.<\/p>\n\n\n\n<p>Las instituciones confirmaron que horas m\u00e1s tarde fue localizada con vida la v\u00edctima quien presentaba diversas lesiones, por lo cual fue trasladada a la ciudad de Oaxaca, para su atenci\u00f3n m\u00e9dica.&nbsp;<\/p>\n\n\n\n<p>La Fiscal\u00eda de Oaxaca, a trav\u00e9s de la Vicefiscal\u00eda Regional de Valles Centrales y sus \u00e1reas especializadas, llevan a cabo los actos de investigaci\u00f3n iniciales realizando entrevistas ministeriales, as\u00ed como otros trabajos en el lugar de los hechos, adem\u00e1s de analizar el video en el que se muestra el momento en que se comete el delito, por lo que, tanto el veh\u00edculo como las personas involucradas est\u00e1n en proceso de identificaci\u00f3n para fincar responsabilidades en contra de quienes resulten responsables.<\/p>\n","protected":false},"excerpt":{"rendered":"<p>Ismael Garc\u00eda M.\/Zona Roja. Oaxaca de Ju\u00e1rez, Oax., a 18 de marzo de 2025.- Una&hellip;<\/p>\n","protected":false},"author":2,"featured_media":78538,"comment_status":"closed","ping_status":"open","sticky":false,"template":"","format":"standard","meta":{"_lmt_disableupdate":"","_lmt_disable":"","_jetpack_memberships_contains_paid_content":false,"footnotes":""},"categories":[109,51],"tags":[533],"class_list":["post-78537","post","type-post","status-publish","format-standard","has-post-thumbnail","hentry","category-minuto-a-minuto","category-zona-roja","tag-asesinado-en-tehuantepec"],"jetpack_featured_media_url":"https:\/\/zonaroja.com.mx\/wp-content\/uploads\/2025\/03\/ASesinada-en-Tehuantepec.jpeg","jetpack_sharing_enabled":true,"_links":{"self":[{"href":"https:\/\/zonaroja.com.mx\/index.php?rest_route=\/wp\/v2\/posts\/78537","targetHints":{"allow":["GET"]}}],"collection":[{"href":"https:\/\/zonaroja.com.mx\/index.php?rest_route=\/wp\/v2\/posts"}],"about":[{"href":"https:\/\/zonaroja.com.mx\/index.php?rest_route=\/wp\/v2\/types\/post"}],"author":[{"embeddable":true,"href":"https:\/\/zonaroja.com.mx\/index.php?rest_route=\/wp\/v2\/users\/2"}],"replies":[{"embeddable":true,"href":"https:\/\/zonaroja.com.mx\/index.php?rest_route=%2Fwp%2Fv2%2Fcomments&post=78537"}],"version-history":[{"count":1,"href":"https:\/\/zonaroja.com.mx\/index.php?rest_route=\/wp\/v2\/posts\/78537\/revisions"}],"predecessor-version":[{"id":78539,"href":"https:\/\/zonaroja.com.mx\/index.php?rest_route=\/wp\/v2\/posts\/78537\/revisions\/78539"}],"wp:featuredmedia":[{"embeddable":true,"href":"https:\/\/zonaroja.com.mx\/index.php?rest_route=\/wp\/v2\/media\/78538"}],"wp:attachment":[{"href":"https:\/\/zonaroja.com.mx\/index.php?rest_route=%2Fwp%2Fv2%2Fmedia&parent=78537"}],"wp:term":[{"taxonomy":"category","embeddable":true,"href":"https:\/\/zonaroja.com.mx\/index.php?rest_route=%2Fwp%2Fv2%2Fcategories&post=78537"},{"taxonomy":"post_tag","embeddable":true,"href":"https:\/\/zonaroja.com.mx\/index.php?rest_route=%2Fwp%2Fv2%2Ftags&post=78537"}],"curies":[{"name":"wp","href":"https:\/\/api.w.org\/{rel}","templated":true}]}}