{"id":7854,"date":"2020-01-20T07:40:15","date_gmt":"2020-01-20T13:40:15","guid":{"rendered":"http:\/\/www.zonaroja.com.mx\/?p=7854"},"modified":"2020-01-20T07:40:19","modified_gmt":"2020-01-20T13:40:19","slug":"un-feminicidio-cada-dos-dias-en-oaxaca-van-10-casos-en-el-2020","status":"publish","type":"post","link":"https:\/\/zonaroja.com.mx\/?p=7854","title":{"rendered":"Un feminicidio cada dos d\u00edas en Oaxaca; van 10 casos en el 2020"},"content":{"rendered":"\n<p>Evlin Arag\u00f3n\/Zona Roja.<\/p>\n\n\n\n<p>Oaxaca de Ju\u00e1rez, Oax., 20 de enero de\n2020.- Luisa Patricia, de 51 a\u00f1os, y su hija Laura, de 23, fueron acribilladas\nayer en el interior de su domicilio, en Putla Villa de Guerrero. Son las m\u00e1s\nrecientes v\u00edctimas de probable feminicidio.<\/p>\n\n\n\n<p>La entidad oaxaque\u00f1a registra 10 asesinatos\nde mujeres en lo que va del 2020, lo que se traduce en una ultimada cada dos\nd\u00edas.<\/p>\n\n\n\n<p>Los casos no disminuyen pese a la\ndeclaratoria de Alerta de Violencia de G\u00e9nero en 40 municipios desde finales de\nagosto de 2018 y las acciones emergentes que supuestamente han implementado\nautoridades de gobierno al respecto.<\/p>\n\n\n\n<p>El Istmo de Tehuantepec es la regi\u00f3n\nm\u00e1s violenta en contra de las mujeres en los primeros d\u00edas de este a\u00f1o, seguida\nde la Cuenca y Costa, mientras que los ataques con arma de fuego son la\nconstante en los recientes asesinatos, convirti\u00e9ndose en la principal forma de\nviolencia feminicida.<\/p>\n\n\n\n<p>De acuerdo con el Centro de\nDocumentaci\u00f3n del Grupo de Estudios sobre la Mujer \u201cRosario Castellanos\u201d\n(GesMujer) el recuento de feminicidios durante la administraci\u00f3n de Alejandro\nMurat Hinojosa ha subido a 392 mujeres asesinadas de forma violenta en\nterritorio oaxaque\u00f1o.<\/p>\n\n\n\n<p>Citlalli Jazm\u00edn Feliciano Figueroa, de\n18 a\u00f1os de edad, es otra reciente v\u00edctima de la violencia feminicida en la\nentidad oaxaque\u00f1a, luego de que este viernes 17 de enero fue asesinada cuando\nsujetos armados ingresaron a una tienda en la que se encontraba y dispararon en\nsu contra.<\/p>\n\n\n\n<p>Los hechos ocurrieron en la calle\nReforma de la colonia San Pablo perteneciente al municipio de San Pedro\nIxcatl\u00e1n, en donde qued\u00f3 tendido el cuerpo de la joven y arribaron las\nautoridades para iniciar las investigaciones y precisar si el homicidio fue a\ncausa de un asalto o por las intenciones directas de hacerlo.<\/p>\n\n\n\n<p>Este mismo viernes pero por la ma\u00f1ana\nYadira Moya Gir\u00f3n, de 42 a\u00f1os de edad, fue asesinada con proyectil de arma de\nfuego en inmediaciones del municipio de Juchit\u00e1n de Zaragoza, perteneciente al\nIstmo de Tehuantepec.<\/p>\n\n\n\n<p>La mujer fue ultimada mientras viajaba\na bordo de una camioneta sobre la avenida Abasolo, entre las calles Guiechachi\ny Ferrocarril, en la Segunda Secci\u00f3n de ese municipio, indic\u00f3 el reporte\npolicial.<\/p>\n\n\n\n<p>En este mismo municipio pero d\u00edas antes\nfue asesinada a tiros otra mujer -a\u00fan sin identificar- que viajaba junto con un\nvar\u00f3n en un veh\u00edculo con logotipos de la empresa \u201cRevergy Enginering Services\n&amp; Consultancy\u201d en el tramo carretero Juchit\u00e1n-La Ventosa.<\/p>\n\n\n\n<p>Los tres casos recientes se suman a la\nfunesta lista en donde se encuentran Ana Mar\u00eda P\u00e9rez Reyna, Karla G. F.,\nEufemia G. H., Gabriela Zavaleta Ferm\u00edn, y una mujer m\u00e1s sin identificar,\nquienes fueron asesinadas en territorio oaxaque\u00f1o desde el primero de enero de\neste 2020.<\/p>\n\n\n\n<p>La violencia de g\u00e9nero y feminicida que\nse ha registrado en los \u00faltimos d\u00edas tambi\u00e9n ha dejado mujeres heridas, tal es\nel caso de Perla Z., quien fue impactada con un proyectil tras un presunto\nintento de asalto en el municipio San Pedro Pochutla.<\/p>\n\n\n\n<p>Perla no ha sido la \u00fanica herida en\nataques armados ya que tambi\u00e9n Reyna R. D., result\u00f3 herida en el municipio de\nSan Juan Bautista Tuxtepec, mientras que Rosal\u00eda Ch\u00e1vez y su nieta Concepci\u00f3n\nCalder\u00f3n, fueron heridas durante un enfrentamiento ocurrido en Santa Luc\u00eda del\nCamino, al igual que una mujer no identificada quien resulto herida en el\nataque en el que muri\u00f3 su pareja sentimental, registrado en Tuxtepec.<\/p>\n","protected":false},"excerpt":{"rendered":"<p>Evlin Arag\u00f3n\/Zona Roja. Oaxaca de Ju\u00e1rez, Oax., 20 de enero de 2020.- Luisa Patricia, de&hellip;<\/p>\n","protected":false},"author":2,"featured_media":7160,"comment_status":"closed","ping_status":"open","sticky":false,"template":"","format":"standard","meta":{"_lmt_disableupdate":"","_lmt_disable":"","_jetpack_memberships_contains_paid_content":false,"footnotes":""},"categories":[109,51],"tags":[610],"class_list":["post-7854","post","type-post","status-publish","format-standard","has-post-thumbnail","hentry","category-minuto-a-minuto","category-zona-roja","tag-feminicidios-oaxaca"],"jetpack_featured_media_url":"https:\/\/zonaroja.com.mx\/wp-content\/uploads\/2019\/12\/feminicidios-1.jpg","jetpack_sharing_enabled":true,"_links":{"self":[{"href":"https:\/\/zonaroja.com.mx\/index.php?rest_route=\/wp\/v2\/posts\/7854","targetHints":{"allow":["GET"]}}],"collection":[{"href":"https:\/\/zonaroja.com.mx\/index.php?rest_route=\/wp\/v2\/posts"}],"about":[{"href":"https:\/\/zonaroja.com.mx\/index.php?rest_route=\/wp\/v2\/types\/post"}],"author":[{"embeddable":true,"href":"https:\/\/zonaroja.com.mx\/index.php?rest_route=\/wp\/v2\/users\/2"}],"replies":[{"embeddable":true,"href":"https:\/\/zonaroja.com.mx\/index.php?rest_route=%2Fwp%2Fv2%2Fcomments&post=7854"}],"version-history":[{"count":1,"href":"https:\/\/zonaroja.com.mx\/index.php?rest_route=\/wp\/v2\/posts\/7854\/revisions"}],"predecessor-version":[{"id":7855,"href":"https:\/\/zonaroja.com.mx\/index.php?rest_route=\/wp\/v2\/posts\/7854\/revisions\/7855"}],"wp:featuredmedia":[{"embeddable":true,"href":"https:\/\/zonaroja.com.mx\/index.php?rest_route=\/wp\/v2\/media\/7160"}],"wp:attachment":[{"href":"https:\/\/zonaroja.com.mx\/index.php?rest_route=%2Fwp%2Fv2%2Fmedia&parent=7854"}],"wp:term":[{"taxonomy":"category","embeddable":true,"href":"https:\/\/zonaroja.com.mx\/index.php?rest_route=%2Fwp%2Fv2%2Fcategories&post=7854"},{"taxonomy":"post_tag","embeddable":true,"href":"https:\/\/zonaroja.com.mx\/index.php?rest_route=%2Fwp%2Fv2%2Ftags&post=7854"}],"curies":[{"name":"wp","href":"https:\/\/api.w.org\/{rel}","templated":true}]}}