{"id":78541,"date":"2025-03-19T07:15:00","date_gmt":"2025-03-19T13:15:00","guid":{"rendered":"https:\/\/zonaroja.com.mx\/?p=78541"},"modified":"2025-03-19T05:43:01","modified_gmt":"2025-03-19T11:43:01","slug":"plantea-presidente-de-la-jucopo-creacion-de-un-nuevo-escudo-oficial-de-oaxaca","status":"publish","type":"post","link":"https:\/\/zonaroja.com.mx\/?p=78541","title":{"rendered":"Plantea presidente de la Jucopo creaci\u00f3n de un nuevo Escudo Oficial de Oaxaca"},"content":{"rendered":"\n<p>Redacci\u00f3n\/Zona Roja.<\/p>\n\n\n\n<p>Oaxaca de Ju\u00e1rez, Oax., a 19 de marzo de 2025.- El presidente de la Junta de Coordinaci\u00f3n Pol\u00edtica (Jucopo) del Poder Legislativo, Benjam\u00edn Viveros Montalvo, present\u00f3 la iniciativa para crear un nuevo Escudo Oficial del Estado de Oaxaca, el cual est\u00e9 enriquecido con la pluralidad cultural y \u00e9tnica del estado, donde conviven pueblos ind\u00edgenas, comunidades mestizas y afromexicanas.<\/p>\n\n\n\n<p>Para tal fin, en el marco de la sesi\u00f3n ordinaria de este martes, plante\u00f3 abrogar el Decreto n\u00famero 243 emitido por la Cuadrag\u00e9sima Legislatura del Congreso de Oaxaca relativo al Escudo Oficial del Estado Libre y Soberano de Oaxaca, aprobado el 22 de julio de 1950.<\/p>\n\n\n\n<p>En su exposici\u00f3n de motivos destac\u00f3 que Oaxaca es hogar de m\u00faltiples pueblos ind\u00edgenas que han preservado sus lenguas y tradiciones a lo largo del tiempo, reconocidos en el art\u00edculo 16 de la Carta Magna local, entre los que se encuentran los Amuzgos, Cuicatecos, Chatinos, Chinantecos, Chocholtecos, Chontales, Huaves, Ixcatecos, Mazatecos, Mixes, Mixtecos, Nahuas, Tacuates, Triquis, Zapotecas y Zoques, cuyas expresiones y saberes ancestrales reflejan la riqueza y pluralidad que distingue a las ocho regiones.<\/p>\n\n\n\n<p>Al respecto, dijo en tribuna que el Escudo actual fue hecho con una visi\u00f3n centralista y sin la participaci\u00f3n democr\u00e1tica, por lo tanto, \u00abya no representa de manera integral la identidad de las y los oaxaque\u00f1os, tampoco refleja el Oaxaca del siglo XXI, ya que somos una sociedad diversa que se construye d\u00eda con d\u00eda, con una nueva y renovada identidad basada en la inclusi\u00f3n, justicia y reconocimiento mutuo\u00bb, sostuvo.<\/p>\n\n\n\n<p>Y agreg\u00f3 que, \u201cdesde el Congreso local impulsamos un cambio profundo, nuestro Escudo debe ser un reflejo de nuestro tiempo, de un Estado que avanza con justicia, equidad y reconocimiento pleno de su diversidad\u00bb, subray\u00f3.<\/p>\n\n\n\n<p>Por ello refiri\u00f3 que su creaci\u00f3n debe ser a trav\u00e9s de un proceso democr\u00e1tico el cual involucre a las comunidades ind\u00edgenas, afromexicanas, personas acad\u00e9micas, artistas e historiadores, as\u00ed como a la ciudadan\u00eda en su conjunto, quienes desde su visi\u00f3n y creatividad aportar\u00e1n sus conocimientos para dise\u00f1ar una imagen que represente al pueblo de Oaxaca con dignidad y orgullo.<\/p>\n\n\n\n<p>De ah\u00ed, que, el tambi\u00e9n Coordinador del Grupo Parlamentario de Morena hizo \u00e9nfasis al puntualizar que, con esta iniciativa se reafirma el compromiso con un Oaxaca moderno, fuerte y con una identidad renovada, pues el Escudo de nueva creaci\u00f3n no solo ser\u00e1 un emblema estatal, sino un s\u00edmbolo de la transformaci\u00f3n profunda, pues Oaxaca merece un emblema a la altura de su grandeza.<\/p>\n\n\n\n<p>En este sentido, el nuevo dise\u00f1o integrar\u00e1 elementos representativos de las ocho regiones reconocidas constitucionalmente, se sustituir\u00e1n s\u00edmbolos hist\u00f3ricos que pudieran ser considerados anacr\u00f3nicos o limitados en representaci\u00f3n y se preservar\u00e1 el apotegma juarista \u201cEl respeto al derecho ajeno es la paz\u201d.<\/p>\n\n\n\n<figure class=\"wp-block-embed is-type-rich is-provider-twitter wp-block-embed-twitter\"><div class=\"wp-block-embed__wrapper\">\n<div class=\"twitter-tweet\"><blockquote class=\"twitter-tweet\" data-lang=\"es\"><p lang=\"es\" dir=\"ltr\">En sesi\u00f3n ordinaria del <a href=\"https:\/\/twitter.com\/CongresoOaxaca_?ref_src=twsrc%5Etfw\">@CongresoOaxaca_<\/a>, el presidente de la Junta de Coordinaci\u00f3n Pol\u00edtica, <a href=\"https:\/\/twitter.com\/BenjaViverosOax?ref_src=twsrc%5Etfw\">@BenjaViverosOax<\/a>, plante\u00f3 la creaci\u00f3n de un nuevo Escudo Oficial de Oaxaca, basado en la justicia, equidad y el reconocimiento pleno a su diversidad pluricultural.<br>Escuche su propuesta: <a href=\"https:\/\/t.co\/Tech6c2QKw\">pic.twitter.com\/Tech6c2QKw<\/a><\/p>&mdash; Zona Roja Oaxaca (@ZonaRoja_Oaxaca) <a href=\"https:\/\/twitter.com\/ZonaRoja_Oaxaca\/status\/1902117014572773522?ref_src=twsrc%5Etfw\">18 de marzo de 2025<\/a><\/blockquote><\/div>\n<\/div><\/figure>\n","protected":false},"excerpt":{"rendered":"<p>Redacci\u00f3n\/Zona Roja. Oaxaca de Ju\u00e1rez, Oax., a 19 de marzo de 2025.- El presidente de&hellip;<\/p>\n","protected":false},"author":2,"featured_media":78542,"comment_status":"closed","ping_status":"open","sticky":false,"template":"","format":"standard","meta":{"_lmt_disableupdate":"","_lmt_disable":"","_jetpack_memberships_contains_paid_content":false,"footnotes":""},"categories":[109,46],"tags":[3664],"class_list":["post-78541","post","type-post","status-publish","format-standard","has-post-thumbnail","hentry","category-minuto-a-minuto","category-zona-blanca","tag-benjamin-viveros-montalvo"],"jetpack_featured_media_url":"https:\/\/zonaroja.com.mx\/wp-content\/uploads\/2025\/03\/Dip.-Benjamin-Viveros_2.jpeg","jetpack_sharing_enabled":true,"_links":{"self":[{"href":"https:\/\/zonaroja.com.mx\/index.php?rest_route=\/wp\/v2\/posts\/78541","targetHints":{"allow":["GET"]}}],"collection":[{"href":"https:\/\/zonaroja.com.mx\/index.php?rest_route=\/wp\/v2\/posts"}],"about":[{"href":"https:\/\/zonaroja.com.mx\/index.php?rest_route=\/wp\/v2\/types\/post"}],"author":[{"embeddable":true,"href":"https:\/\/zonaroja.com.mx\/index.php?rest_route=\/wp\/v2\/users\/2"}],"replies":[{"embeddable":true,"href":"https:\/\/zonaroja.com.mx\/index.php?rest_route=%2Fwp%2Fv2%2Fcomments&post=78541"}],"version-history":[{"count":1,"href":"https:\/\/zonaroja.com.mx\/index.php?rest_route=\/wp\/v2\/posts\/78541\/revisions"}],"predecessor-version":[{"id":78543,"href":"https:\/\/zonaroja.com.mx\/index.php?rest_route=\/wp\/v2\/posts\/78541\/revisions\/78543"}],"wp:featuredmedia":[{"embeddable":true,"href":"https:\/\/zonaroja.com.mx\/index.php?rest_route=\/wp\/v2\/media\/78542"}],"wp:attachment":[{"href":"https:\/\/zonaroja.com.mx\/index.php?rest_route=%2Fwp%2Fv2%2Fmedia&parent=78541"}],"wp:term":[{"taxonomy":"category","embeddable":true,"href":"https:\/\/zonaroja.com.mx\/index.php?rest_route=%2Fwp%2Fv2%2Fcategories&post=78541"},{"taxonomy":"post_tag","embeddable":true,"href":"https:\/\/zonaroja.com.mx\/index.php?rest_route=%2Fwp%2Fv2%2Ftags&post=78541"}],"curies":[{"name":"wp","href":"https:\/\/api.w.org\/{rel}","templated":true}]}}