{"id":78544,"date":"2025-03-19T08:15:00","date_gmt":"2025-03-19T14:15:00","guid":{"rendered":"https:\/\/zonaroja.com.mx\/?p=78544"},"modified":"2025-03-19T06:08:54","modified_gmt":"2025-03-19T12:08:54","slug":"inicia-paro-de-labores-educativas-de-tres-dias-preven-sea-indefinido","status":"publish","type":"post","link":"https:\/\/zonaroja.com.mx\/?p=78544","title":{"rendered":"Inicia paro de labores educativas de tres d\u00edas; prev\u00e9n sea indefinido\u00a0"},"content":{"rendered":"\n<p>Redacci\u00f3n\/Zona Roja.<\/p>\n\n\n\n<p>Oaxaca de Ju\u00e1rez, Oax., a 18 de marzo de 2025.- Pese a que lograron que la Presidenta de M\u00e9xico, Claudia Sheinbaum, retirara del Congreso federal su propuesta de reforma a la ley del ISSSTE, el magisterio adherido a la CNTE inici\u00f3 este mi\u00e9rcoles un paro de labores de tres d\u00edas.<\/p>\n\n\n\n<p>Adem\u00e1s, analiza que sea indefinido, explic\u00f3 la dirigente magisterial de Oaxaca, Yenny Aracely P\u00e9rez Mart\u00ednez, al dar a conocer que la mandataria mexicana \u2014con quien se reunieron este martes en el Palacio Nacional\u2014 s\u00f3lo dio respuesta positiva a uno de varios planteamientos.<\/p>\n\n\n\n<p>Al salir del encuentro, los integrantes de la Coordinadora Nacional de Trabajadores de la Educaci\u00f3n reprocharon que la actual administraci\u00f3n federal que se dice de izquierda, sea igual que los gobiernos anteriores.<\/p>\n\n\n\n<p>\u201cEsta mesa (la de ayer) no se da nada m\u00e1s por voluntad del gobierno federal, sino que ha sido a trav\u00e9s de la movilizaci\u00f3n que se ha dado en todos los estados\u201d, dijo P\u00e9rez Mart\u00ednez.<\/p>\n\n\n\n<p>En conferencia de prensa con los dem\u00e1s dirigentes magisteriales adheridos a la Coordinadora Nacional, la secretaria General del gremio en Oaxaca precis\u00f3 que se trataron tres puntos b\u00e1sicos: la abrogaci\u00f3n de la Ley del ISSSTE de 2007; la cancelaci\u00f3n de la reforma a la misma norma, planteada este a\u00f1o, y la abrogaci\u00f3n de la reforma educativa, del sexenio de Enrique Pe\u00f1a Nieto.&nbsp;<\/p>\n\n\n\n<p>S\u00f3lo se logr\u00f3 la cancelaci\u00f3n de la propuesta de reforma enviada a la C\u00e1mara de Diputados federal el pasado 7 de febrero, pero \u201chasta no ver en los hechos que esto se retire en la Gaceta Parlamentaria, no estaremos hablando entonces de una cancelaci\u00f3n\u201d, dijo.<\/p>\n\n\n\n<p>Yenny Aracely P\u00e9rez puntualiz\u00f3 que la Ley del ISSSTE del 2007 no se ha podido abrogar, por lo cual se realiza a partir de hoy el paro de 72 horas y \u201ctampoco descartamos un paro indefinido\u2026<\/p>\n\n\n\n<p>\u201cComo lo hemos dicho, solamente la fuerza en las calles va a permitir que podamos avanzar. Reiteramos, no descartamos un paro indefinido porque la Presidenta (Claudia Sheinbaum) no se comprometi\u00f3 a una mesa de trabajo en lo inmediato, sino hasta el mes de mayo.<\/p>\n\n\n\n<p>\u201cHoy decimos que no es as\u00ed, el movimiento tiene que poner la fecha en la cual nos tendremos que sentar\u2026 no descartamos el paro indefinido\u201d, dijo.<\/p>\n\n\n\n<p>En la movilizaci\u00f3n de la Ciudad de M\u00e9xico participan docentes de los estados donde tiene presencia la CNTE e iniciar\u00e1 este mi\u00e9rcoles con una marcha masiva.<\/p>\n\n\n\n<p>En el caso de Oaxaca, \u00fanicamente se suspenden las labores educativas, con la afectaci\u00f3n a m\u00e1s de 800 mil estudiantes del nivel b\u00e1sico en todo el estado.<\/p>\n\n\n\n<figure class=\"wp-block-embed is-type-rich is-provider-twitter wp-block-embed-twitter\"><div class=\"wp-block-embed__wrapper\">\n<div class=\"twitter-tweet\"><blockquote class=\"twitter-tweet\" data-lang=\"es\"><p lang=\"es\" dir=\"ltr\">Con escasos acuerdos termin\u00f3 hoy la reuni\u00f3n de la Presidenta <a href=\"https:\/\/twitter.com\/Claudiashein?ref_src=twsrc%5Etfw\">@Claudiashein<\/a> con la Coordinadora Nacional de Trabajadores de la Educaci\u00f3n (CNTE).<br><br>La dirigente de la Secci\u00f3n 22 del SNTE, Yenny Aracely P\u00e9rez Mart\u00ednez, no descarta un paro de labores indefinido; ma\u00f1ana inicia\u2026 <a href=\"https:\/\/t.co\/zVhGIBNdcK\">pic.twitter.com\/zVhGIBNdcK<\/a><\/p>&mdash; Zona Roja Oaxaca (@ZonaRoja_Oaxaca) <a href=\"https:\/\/twitter.com\/ZonaRoja_Oaxaca\/status\/1902127221722247215?ref_src=twsrc%5Etfw\">18 de marzo de 2025<\/a><\/blockquote><\/div>\n<\/div><\/figure>\n","protected":false},"excerpt":{"rendered":"<p>Redacci\u00f3n\/Zona Roja. Oaxaca de Ju\u00e1rez, Oax., a 18 de marzo de 2025.- Pese a que&hellip;<\/p>\n","protected":false},"author":2,"featured_media":78545,"comment_status":"closed","ping_status":"open","sticky":false,"template":"","format":"standard","meta":{"_lmt_disableupdate":"","_lmt_disable":"","_jetpack_memberships_contains_paid_content":false,"footnotes":""},"categories":[109,47],"tags":[312],"class_list":["post-78544","post","type-post","status-publish","format-standard","has-post-thumbnail","hentry","category-minuto-a-minuto","category-zona-gris","tag-seccion-22-del-snte"],"jetpack_featured_media_url":"https:\/\/zonaroja.com.mx\/wp-content\/uploads\/2025\/03\/Paro-de-labores-magisterio-Ciudad-de-Mexico.jpg","jetpack_sharing_enabled":true,"_links":{"self":[{"href":"https:\/\/zonaroja.com.mx\/index.php?rest_route=\/wp\/v2\/posts\/78544","targetHints":{"allow":["GET"]}}],"collection":[{"href":"https:\/\/zonaroja.com.mx\/index.php?rest_route=\/wp\/v2\/posts"}],"about":[{"href":"https:\/\/zonaroja.com.mx\/index.php?rest_route=\/wp\/v2\/types\/post"}],"author":[{"embeddable":true,"href":"https:\/\/zonaroja.com.mx\/index.php?rest_route=\/wp\/v2\/users\/2"}],"replies":[{"embeddable":true,"href":"https:\/\/zonaroja.com.mx\/index.php?rest_route=%2Fwp%2Fv2%2Fcomments&post=78544"}],"version-history":[{"count":1,"href":"https:\/\/zonaroja.com.mx\/index.php?rest_route=\/wp\/v2\/posts\/78544\/revisions"}],"predecessor-version":[{"id":78546,"href":"https:\/\/zonaroja.com.mx\/index.php?rest_route=\/wp\/v2\/posts\/78544\/revisions\/78546"}],"wp:featuredmedia":[{"embeddable":true,"href":"https:\/\/zonaroja.com.mx\/index.php?rest_route=\/wp\/v2\/media\/78545"}],"wp:attachment":[{"href":"https:\/\/zonaroja.com.mx\/index.php?rest_route=%2Fwp%2Fv2%2Fmedia&parent=78544"}],"wp:term":[{"taxonomy":"category","embeddable":true,"href":"https:\/\/zonaroja.com.mx\/index.php?rest_route=%2Fwp%2Fv2%2Fcategories&post=78544"},{"taxonomy":"post_tag","embeddable":true,"href":"https:\/\/zonaroja.com.mx\/index.php?rest_route=%2Fwp%2Fv2%2Ftags&post=78544"}],"curies":[{"name":"wp","href":"https:\/\/api.w.org\/{rel}","templated":true}]}}