{"id":78547,"date":"2025-03-19T09:15:00","date_gmt":"2025-03-19T15:15:00","guid":{"rendered":"https:\/\/zonaroja.com.mx\/?p=78547"},"modified":"2025-03-19T06:44:13","modified_gmt":"2025-03-19T12:44:13","slug":"reanuda-israel-ataques-contra-la-franja-de-gaza-hay-mas-de-200-muertos","status":"publish","type":"post","link":"https:\/\/zonaroja.com.mx\/?p=78547","title":{"rendered":"Reanuda Israel ataques contra la Franja de Gaza; hay m\u00e1s de 200 muertos"},"content":{"rendered":"\n<p>Redacci\u00f3n\/Zona Roja Cdmx.<\/p>\n\n\n\n<p>Ciudad de M\u00e9xico, a 19 de marzo de 2025.- Ataques a\u00e9reos israel\u00edes sobre Gaza causaron la muerte de m\u00e1s de 400 personas, dijeron ayer las autoridades sanitarias palestinas, lo que amenazaba con el colapso total de un alto el fuego de dos meses; mientras, Israel prometi\u00f3 utilizar la fuerza para liberar a los rehenes retenidos por Hamas.<\/p>\n\n\n\n<p>El grupo militante palestino, que a\u00fan tiene a 59 de los cerca de 250 rehenes secuestrados en octubre de 2023, acus\u00f3 a Israel de incumplir el alto el fuego en vigor desde enero y poner en peligro los esfuerzos de los mediadores para lograr una tregua permanente.<\/p>\n\n\n\n<p>El primer ministro de Israel, Benjamin Netanyahu, indic\u00f3 que su ej\u00e9rcito intensificar\u00e1 sus renovados ataques contra la franja de Gaza y que \u201ca partir de ahora, las negociaciones (sobre un cese al fuego en Gaza) s\u00f3lo tendr\u00e1n lugar bajo fuego\u201d, en tanto su ministro de Defensa, Israel Katz, dijo que \u201clas puertas del infierno se abrir\u00e1n en Gaza\u201d.<\/p>\n\n\n\n<p>El ej\u00e9rcito israel\u00ed describi\u00f3 sus acciones como una \u201cofensiva preventiva\u201d destinada a diezmar la capacidad de Hamas de lanzar ataques y reconstruir y rearmar sus fuerzas.<\/p>\n\n\n\n<p>Afirm\u00f3 que sus objetivos son \u201cmandos militares de rango medio, dirigentes e infraestructura terrorista\u201d del grupo.<\/p>\n\n\n\n<p>Los bombardeos alcanzaron viviendas y tiendas de campa\u00f1a que albergaban a civiles desde el norte hasta el sur de la franja de Gaza; tanques atacaron la l\u00ednea fronteriza del enclave, seg\u00fan testigos. \u201cFue una noche infernal. Parec\u00edan los primeros d\u00edas de la guerra\u201d, relat\u00f3 Rabiha Jamal, habitante de Gaza de 65 a\u00f1os y madre de cinco hijos.<\/p>\n\n\n\n<p>Entre los abatidos por el embate israel\u00ed figuran Essam Addalees, jefe del gobierno de Hamas; Ahmed Al-Hetta, viceministro de Justicia, y Mahmoud Abu Watfa, viceministro del Interior y jefe de los servicios de seguridad.<\/p>\n\n\n\n<p>La ofensiva fue mucho m\u00e1s amplia en escala que los ataques regulares con drones que Israel ha declarado haber efectuado recientemente contra presuntos militantes, y se producen tras semanas de esfuerzos fallidos para acordar una pr\u00f3rroga de la tregua pactada el 19 de enero.<\/p>\n\n\n\n<p>Testigos en Gaza se\u00f1alaron que los tanques israel\u00edes bombardearon zonas de Rafah, en el sur de la franja. Ni\u00f1os desconcertados se sentaban junto a sus pertenencias embolsadas, listos para huir de nuevo hacia el norte tras haber regresado a Rafah con el alto el fuego.<\/p>\n\n\n\n<p>En los hospitales se apilaban cad\u00e1veres envueltos en s\u00e1banas blancas manchadas de sangre.<\/p>\n\n\n\n<p>El Ministerio de Salud gazat\u00ed report\u00f3 que perecieron 413 personas en uno de los d\u00edas con mayor n\u00famero de v\u00edctimas desde que estall\u00f3 la guerra y que muchos eran menores. Hubo tambi\u00e9n 562 heridos.<\/p>\n\n\n\n<p>Un alto funcionario de Hamas dijo que la decisi\u00f3n de Netanyahu de reanudar la guerra equivale a una \u201csentencia de muerte\u201d para los rehenes restantes. Izzat al-Risheq acus\u00f3 a Netanyahu de lanzar los ataques para intentar salvar su coalici\u00f3n de gobierno de ultraderecha y pidi\u00f3 a los mediadores que \u201crevelen los hechos\u201d sobre qui\u00e9n rompi\u00f3 la tregua.<\/p>\n\n\n\n<p>A su vez, el presidente palestino, Mahmoud Abbas, llam\u00f3 a la comunidad internacional a frenar los ataques israel\u00edes.<\/p>\n\n\n\n<p>En Tel Aviv, familiares de los rehenes rechazaron la reanudaci\u00f3n de la ofensiva y exigieron detener \u201cla matanza\u201d. El Foro de Rehenes y Familias Desaparecidas acus\u00f3 al gobierno de retirarse del alto el fuego, diciendo que \u201celigi\u00f3 renunciar a los rehenes\u201d.<\/p>\n\n\n\n<p>(Informaci\u00f3n de \u201cLa Jornada\u201d)<\/p>\n","protected":false},"excerpt":{"rendered":"<p>Redacci\u00f3n\/Zona Roja Cdmx. Ciudad de M\u00e9xico, a 19 de marzo de 2025.- Ataques a\u00e9reos israel\u00edes&hellip;<\/p>\n","protected":false},"author":2,"featured_media":78548,"comment_status":"closed","ping_status":"open","sticky":false,"template":"","format":"standard","meta":{"_lmt_disableupdate":"","_lmt_disable":"","_jetpack_memberships_contains_paid_content":false,"footnotes":""},"categories":[109,47],"tags":[2677],"class_list":["post-78547","post","type-post","status-publish","format-standard","has-post-thumbnail","hentry","category-minuto-a-minuto","category-zona-gris","tag-guerra-israel-y-palestina"],"jetpack_featured_media_url":"https:\/\/zonaroja.com.mx\/wp-content\/uploads\/2025\/03\/Israel-ataque-Gaza-foto-AP.jpeg","jetpack_sharing_enabled":true,"_links":{"self":[{"href":"https:\/\/zonaroja.com.mx\/index.php?rest_route=\/wp\/v2\/posts\/78547","targetHints":{"allow":["GET"]}}],"collection":[{"href":"https:\/\/zonaroja.com.mx\/index.php?rest_route=\/wp\/v2\/posts"}],"about":[{"href":"https:\/\/zonaroja.com.mx\/index.php?rest_route=\/wp\/v2\/types\/post"}],"author":[{"embeddable":true,"href":"https:\/\/zonaroja.com.mx\/index.php?rest_route=\/wp\/v2\/users\/2"}],"replies":[{"embeddable":true,"href":"https:\/\/zonaroja.com.mx\/index.php?rest_route=%2Fwp%2Fv2%2Fcomments&post=78547"}],"version-history":[{"count":1,"href":"https:\/\/zonaroja.com.mx\/index.php?rest_route=\/wp\/v2\/posts\/78547\/revisions"}],"predecessor-version":[{"id":78549,"href":"https:\/\/zonaroja.com.mx\/index.php?rest_route=\/wp\/v2\/posts\/78547\/revisions\/78549"}],"wp:featuredmedia":[{"embeddable":true,"href":"https:\/\/zonaroja.com.mx\/index.php?rest_route=\/wp\/v2\/media\/78548"}],"wp:attachment":[{"href":"https:\/\/zonaroja.com.mx\/index.php?rest_route=%2Fwp%2Fv2%2Fmedia&parent=78547"}],"wp:term":[{"taxonomy":"category","embeddable":true,"href":"https:\/\/zonaroja.com.mx\/index.php?rest_route=%2Fwp%2Fv2%2Fcategories&post=78547"},{"taxonomy":"post_tag","embeddable":true,"href":"https:\/\/zonaroja.com.mx\/index.php?rest_route=%2Fwp%2Fv2%2Ftags&post=78547"}],"curies":[{"name":"wp","href":"https:\/\/api.w.org\/{rel}","templated":true}]}}