{"id":78559,"date":"2025-03-19T11:21:00","date_gmt":"2025-03-19T17:21:00","guid":{"rendered":"https:\/\/zonaroja.com.mx\/?p=78559"},"modified":"2025-03-19T08:22:44","modified_gmt":"2025-03-19T14:22:44","slug":"celebra-xoxocotlan-con-exito-segundo-martes-de-brujas","status":"publish","type":"post","link":"https:\/\/zonaroja.com.mx\/?p=78559","title":{"rendered":"Celebra Xoxocotl\u00e1n con \u00e9xito segundo \u201cMartes de Brujas\u201d"},"content":{"rendered":"\n<p>Redacci\u00f3n\/Zona Roja.<\/p>\n\n\n\n<p>Oaxaca de Ju\u00e1rez, Oax., a 19 de marzo de 2025.- Una \u00e9pica noche se vivi\u00f3 en el segundo \u201cMartes de Brujas\u201d en el parque central de Santa Cruz Xoxocotl\u00e1n, en donde m\u00e1s de ocho mil personas se reunieron, de acuerdo con datos de Protecci\u00f3n Civil Municipal, para disfrutar de la m\u00fasica y el ritmo de los \u201cYaguar\u00fa\u201d y \u201cBanda TM\u201d, adem\u00e1s de los tamales y atoles de las cocineras tradicionales del municipio.<\/p>\n\n\n\n<p>La presidenta municipal, Nancy Ben\u00edtez Z\u00e1rate, junto a su cabildo, encabez\u00f3 la apertura de este segundo de los seis \u201cMartes de Brujas\u201d programados, reafirmando el compromiso de preservar y fortalecer esta importante tradici\u00f3n.<\/p>\n\n\n\n<p>La velada estuvo llena de m\u00fasica y tradici\u00f3n, iniciando con la participaci\u00f3n de la Tuna Novata Femenil de la Universidad Aut\u00f3noma \u201cBenito Ju\u00e1rez\u201d de Oaxaca (UABJO), seguida de la presentaci\u00f3n de la Banda de M\u00fasica de la Secretar\u00eda de Seguridad y Protecci\u00f3n Ciudadana.<\/p>\n\n\n\n<p>La presidenta municipal recorri\u00f3 los puestos de las cocineras tradicionales junto a Saymi Pineda Velasco y Vilma Mart\u00ednez Cort\u00e9s, titulares de las secretar\u00edas de Turismo y Bienestar, respectivamente.&nbsp;<\/p>\n\n\n\n<p>En cada uno de los puestos, disfrutaron de los deliciosos tamales que se ofrecen con motivo de los Martes de Brujas.<\/p>\n\n\n\n<p>Tambi\u00e9n se llev\u00f3 a cabo la representaci\u00f3n denominada \u201cLos \u00faltimos guardianes de la monta\u00f1a sagrada\u201d, que nos llev\u00f3 a un viaje por el legado prehisp\u00e1nico del Valle de Xoxo y Monte Alb\u00e1n, resaltando la grandeza de nuestra identidad y cultura.&nbsp;<\/p>\n\n\n\n<p>Posteriormente, el escenario vibr\u00f3 con el ritmo de los \u201cYaguar\u00fa\u201d, quienes deleitaron al p\u00fablico con sus grandes \u00e9xitos. Los asistentes disfrutaron y bailaron con entusiasmo al comp\u00e1s de la cumbia interpretada por la agrupaci\u00f3n. Al finalizar su presentaci\u00f3n, la presidenta municipal entreg\u00f3 un reconocimiento a \u201cYaguar\u00fa\u201d en agradecimiento por su participaci\u00f3n en esta celebraci\u00f3n.<\/p>\n\n\n\n<p>El gran cierre de la noche estuvo a cargo de la Banda TM, que hizo vibrar a todos los asistentes con su inconfundible intensidad musical.&nbsp;<\/p>\n\n\n\n<p>El potente sonido de las trompetas, clarinetes y tuba envolvi\u00f3 el ambiente, conquistando al p\u00fablico, que no dej\u00f3 de bailar y disfrutar cada interpretaci\u00f3n. La energ\u00eda y el talento de la agrupaci\u00f3n cerraron con broche de oro una noche llena de tradici\u00f3n, alegr\u00eda y celebraci\u00f3n en Santa Cruz Xoxocotl\u00e1n.<\/p>\n\n\n\n<p>A este evento se dieron cita distinguidas personalidades, entre ellas la secretaria de Turismo del Estado de Oaxaca, Saymi Adriana Pineda Velasco; la secretaria de Bienestar, Tequio e Inclusi\u00f3n del Gobierno del Estado de Oaxaca, Vilma Mart\u00ednez Cort\u00e9s; la directora general del Sistema DIF Oaxaca, Maribel Salinas Velasco; el director del CIIDIR Unidad Oaxaca, Baldomero H. Z\u00e1rate Nicol\u00e1s; la diputada del Congreso del Estado, Gabriela P\u00e9rez, y la directora general del Colegio de Bachilleres del Estado de Oaxaca (Cobao), Ang\u00e9lica Garc\u00eda P\u00e9rez, adem\u00e1s del cabildo municipal.<\/p>\n\n\n\n<p>Con este segundo Martes de Brujas, Santa Cruz Xoxocotl\u00e1n reafirma su compromiso con la preservaci\u00f3n de sus tradiciones y cultura, fortaleciendo la identidad de su comunidad y proyectando la riqueza de sus costumbres a nivel estatal y nacional. La celebraci\u00f3n continuar\u00e1 en los pr\u00f3ximos martes, consolidando a Xoxocotl\u00e1n como un referente de tradici\u00f3n y festividad en Oaxaca.<\/p>\n","protected":false},"excerpt":{"rendered":"<p>Redacci\u00f3n\/Zona Roja. Oaxaca de Ju\u00e1rez, Oax., a 19 de marzo de 2025.- Una \u00e9pica noche&hellip;<\/p>\n","protected":false},"author":2,"featured_media":78561,"comment_status":"closed","ping_status":"open","sticky":false,"template":"","format":"standard","meta":{"_lmt_disableupdate":"","_lmt_disable":"","_jetpack_memberships_contains_paid_content":false,"footnotes":""},"categories":[109,46],"tags":[133],"class_list":["post-78559","post","type-post","status-publish","format-standard","has-post-thumbnail","hentry","category-minuto-a-minuto","category-zona-blanca","tag-santa-cruz-xoxocotlan"],"jetpack_featured_media_url":"https:\/\/zonaroja.com.mx\/wp-content\/uploads\/2025\/03\/Segundo-Martes-de-Brujas-Xoxocotlan.jpg","jetpack_sharing_enabled":true,"_links":{"self":[{"href":"https:\/\/zonaroja.com.mx\/index.php?rest_route=\/wp\/v2\/posts\/78559","targetHints":{"allow":["GET"]}}],"collection":[{"href":"https:\/\/zonaroja.com.mx\/index.php?rest_route=\/wp\/v2\/posts"}],"about":[{"href":"https:\/\/zonaroja.com.mx\/index.php?rest_route=\/wp\/v2\/types\/post"}],"author":[{"embeddable":true,"href":"https:\/\/zonaroja.com.mx\/index.php?rest_route=\/wp\/v2\/users\/2"}],"replies":[{"embeddable":true,"href":"https:\/\/zonaroja.com.mx\/index.php?rest_route=%2Fwp%2Fv2%2Fcomments&post=78559"}],"version-history":[{"count":1,"href":"https:\/\/zonaroja.com.mx\/index.php?rest_route=\/wp\/v2\/posts\/78559\/revisions"}],"predecessor-version":[{"id":78562,"href":"https:\/\/zonaroja.com.mx\/index.php?rest_route=\/wp\/v2\/posts\/78559\/revisions\/78562"}],"wp:featuredmedia":[{"embeddable":true,"href":"https:\/\/zonaroja.com.mx\/index.php?rest_route=\/wp\/v2\/media\/78561"}],"wp:attachment":[{"href":"https:\/\/zonaroja.com.mx\/index.php?rest_route=%2Fwp%2Fv2%2Fmedia&parent=78559"}],"wp:term":[{"taxonomy":"category","embeddable":true,"href":"https:\/\/zonaroja.com.mx\/index.php?rest_route=%2Fwp%2Fv2%2Fcategories&post=78559"},{"taxonomy":"post_tag","embeddable":true,"href":"https:\/\/zonaroja.com.mx\/index.php?rest_route=%2Fwp%2Fv2%2Ftags&post=78559"}],"curies":[{"name":"wp","href":"https:\/\/api.w.org\/{rel}","templated":true}]}}