{"id":78563,"date":"2025-03-19T13:23:00","date_gmt":"2025-03-19T19:23:00","guid":{"rendered":"https:\/\/zonaroja.com.mx\/?p=78563"},"modified":"2025-03-19T08:24:10","modified_gmt":"2025-03-19T14:24:10","slug":"opinion-la-cnte-dobla-al-regimen","status":"publish","type":"post","link":"https:\/\/zonaroja.com.mx\/?p=78563","title":{"rendered":"Opini\u00f3n. La CNTE \u201cdobla\u201d al r\u00e9gimen"},"content":{"rendered":"\n<p>Adri\u00e1n Ortiz Romero Cuevas*<\/p>\n\n\n\n<p>El presidente Andr\u00e9s Manuel L\u00f3pez Obrador cumpli\u00f3 el objetivo delineado en el llamado Plan C de la reforma al Poder Judicial, planteado a finales de 2023: ganar, en los comicios federales de 2024, las dos terceras partes de las dos c\u00e1maras que integran el Congreso de la Uni\u00f3n; y mantener el control a trav\u00e9s de su partido en m\u00e1s de la mitad de las entidades federativas del pa\u00eds. Habiendo cumplido esa meta, tanto el presidente L\u00f3pez Obrador como la ahora mandataria Claudia Sheinbaum han cumplido cabalmente con el plan de reformas trazado desde entonces\u2026 hasta muy recientemente, que se toparon con la Coordinadora Nacional de Trabajadores de la Educaci\u00f3n. S\u00ed, la Coordinadora ha sido la \u00fanica capaz de plant\u00e1rsele a la aplanadora morenista.&nbsp;<\/p>\n\n\n\n<p>En efecto, de acuerdo con&nbsp;El Pa\u00eds, el pasado 7 de febrero la presidenta Sheinbaum envi\u00f3 al Congreso una reforma a la ley del ISSSTE. La iniciativa, se dijo, \u201cbusca el fortalecimiento financiero del ISSSTE\u201d y regresar al FOVISSSTE \u201clas atribuciones de adquisici\u00f3n, construcci\u00f3n, rehabilitaci\u00f3n y renta de viviendas\u201d. En concreto, la reforma buscaba ampliar el porcentaje de aportaci\u00f3n al fondo de seguridad social del ISSSTE para los trabajadores de m\u00e1s altos ingresos, y homologar las metas del FOVISSSTE a las del Infonavit. La propia Presidenta dijo que ninguna de las finalidades de la reforma impactaba a los trabajadores de la educaci\u00f3n. Pero a\u00fan con eso la Coordinadora organiz\u00f3 la semana antepasada un paro y protestas de dos d\u00edas; y para la semana previa ten\u00eda el plan de parar tres d\u00edas m\u00e1s y protestar nuevamente en la Ciudad de M\u00e9xico.&nbsp;<\/p>\n\n\n\n<p>As\u00ed, el mismo d\u00eda 18 de marzo la Presidenta recibi\u00f3 a una comisi\u00f3n de trabajadores adheridos a la CNTE \u2014que, recordemos, es la corriente de base disidente del magisterio hist\u00f3ricamente \u201coficialista\u201d identificado con el SNTE\u2014. De dicha reuni\u00f3n, los profesores del sureste del pa\u00eds \u2014Michoac\u00e1n, Guerrero, Oaxaca y Chiapas, principalmente, aunque tambi\u00e9n aglutinan algunas expresiones robustas del Valle de M\u00e9xico\u2014 salieron con lo impensable bajo el brazo: la promesa, ejecutada ah\u00ed mismo, de que la Presidenta retirar\u00eda la iniciativa que un mes antes hab\u00eda presentado ante el Congreso.&nbsp;<\/p>\n\n\n\n<p>\u00bfPor qu\u00e9 \u201cimpensable\u201d? Porque el gobierno federal tiene las mayor\u00edas necesarias para reformar cualquier ley e incluso la Constituci\u00f3n de la Rep\u00fablica; porque, adem\u00e1s, el gobierno federal ha cumplido a pie juntillas su programa de reformas constitucionales y legales; porque, en ese tenor, el Ejecutivo federal ya reorganiz\u00f3 estructuralmente al Poder Judicial Federal, y ha modificado con comodidad todas las normas que le han resultado necesarias para cumplir con sus metas. No detuvo a la Presidenta la amenaza de \u201clos trabajadores del pa\u00eds\u201d de bloquear la reforma a la ley del Infonavit; no ha pasado en ning\u00fan otro tema. Entonces, \u00bfpor qu\u00e9 con el magisterio democr\u00e1tico, s\u00ed?<\/p>\n\n\n\n<p>La respuesta no resulta dif\u00edcil: ellos, igual que el r\u00e9gimen, fueron opositores hist\u00f3ricos a los gobiernos priistas y panistas del pa\u00eds. A ellos no los pueden acusar de ser agentes de la derecha ni opositores enmascarados en las caretas de la lucha social. De hecho, si a alg\u00fan grupo organizado el actual r\u00e9gimen morenista le debe su supervivencia en los momentos m\u00e1s aciagos, es justamente al magisterio adherido a la CNTE.<\/p>\n\n\n\n<p>En esta discusi\u00f3n, lo que menos importa es el contenido de la iniciativa, que ya fue retirada. Es decir, que era lo menos si beneficiaba o perjudicaba a los trabajadores de base del magisterio o de otras instituciones del Estado. Al final, qued\u00f3 claro que la CNTE, por su identidad hist\u00f3rica \u2014que no alianza\u2014 con el actual r\u00e9gimen, s\u00ed tiene derecho a hacer valer su ascendencia frente a \u00e9l.&nbsp;<\/p>\n\n\n\n<p>@ortizromeroc<\/p>\n\n\n\n<p>@columnaalmargen<\/p>\n\n\n\n<p>Nos leemos en:&nbsp;http:\/\/columnaalmargen.mx<\/p>\n","protected":false},"excerpt":{"rendered":"<p>Adri\u00e1n Ortiz Romero Cuevas* El presidente Andr\u00e9s Manuel L\u00f3pez Obrador cumpli\u00f3 el objetivo delineado en&hellip;<\/p>\n","protected":false},"author":2,"featured_media":67896,"comment_status":"closed","ping_status":"open","sticky":false,"template":"","format":"standard","meta":{"_lmt_disableupdate":"","_lmt_disable":"","_jetpack_memberships_contains_paid_content":false,"footnotes":""},"categories":[456,109],"tags":[2994],"class_list":["post-78563","post","type-post","status-publish","format-standard","has-post-thumbnail","hentry","category-columna","category-minuto-a-minuto","tag-adrian-ortiz-romero-cuevas"],"jetpack_featured_media_url":"https:\/\/zonaroja.com.mx\/wp-content\/uploads\/2024\/05\/Opinion-Adrian-Ortiz-Romero-Zona-Roja.jpeg","jetpack_sharing_enabled":true,"_links":{"self":[{"href":"https:\/\/zonaroja.com.mx\/index.php?rest_route=\/wp\/v2\/posts\/78563","targetHints":{"allow":["GET"]}}],"collection":[{"href":"https:\/\/zonaroja.com.mx\/index.php?rest_route=\/wp\/v2\/posts"}],"about":[{"href":"https:\/\/zonaroja.com.mx\/index.php?rest_route=\/wp\/v2\/types\/post"}],"author":[{"embeddable":true,"href":"https:\/\/zonaroja.com.mx\/index.php?rest_route=\/wp\/v2\/users\/2"}],"replies":[{"embeddable":true,"href":"https:\/\/zonaroja.com.mx\/index.php?rest_route=%2Fwp%2Fv2%2Fcomments&post=78563"}],"version-history":[{"count":1,"href":"https:\/\/zonaroja.com.mx\/index.php?rest_route=\/wp\/v2\/posts\/78563\/revisions"}],"predecessor-version":[{"id":78564,"href":"https:\/\/zonaroja.com.mx\/index.php?rest_route=\/wp\/v2\/posts\/78563\/revisions\/78564"}],"wp:featuredmedia":[{"embeddable":true,"href":"https:\/\/zonaroja.com.mx\/index.php?rest_route=\/wp\/v2\/media\/67896"}],"wp:attachment":[{"href":"https:\/\/zonaroja.com.mx\/index.php?rest_route=%2Fwp%2Fv2%2Fmedia&parent=78563"}],"wp:term":[{"taxonomy":"category","embeddable":true,"href":"https:\/\/zonaroja.com.mx\/index.php?rest_route=%2Fwp%2Fv2%2Fcategories&post=78563"},{"taxonomy":"post_tag","embeddable":true,"href":"https:\/\/zonaroja.com.mx\/index.php?rest_route=%2Fwp%2Fv2%2Ftags&post=78563"}],"curies":[{"name":"wp","href":"https:\/\/api.w.org\/{rel}","templated":true}]}}