{"id":78565,"date":"2025-03-19T10:15:46","date_gmt":"2025-03-19T16:15:46","guid":{"rendered":"https:\/\/zonaroja.com.mx\/?p=78565"},"modified":"2025-03-19T10:15:48","modified_gmt":"2025-03-19T16:15:48","slug":"denuncia-dirigente-partidista-atentado-y-fue-percance-vehicular","status":"publish","type":"post","link":"https:\/\/zonaroja.com.mx\/?p=78565","title":{"rendered":"Denuncia dirigente partidista atentado\u2026 y fue percance vehicular"},"content":{"rendered":"\n<p>Raymundo Morales\/Zona Roja.<\/p>\n\n\n\n<p>Oaxaca de Ju\u00e1rez, Oax., a 19 de marzo de 2025.- El dirigente del Partido Nueva Alianza en Oaxaca, Bersah\u00edn L\u00f3pez L\u00f3pez, sufri\u00f3 un atentado esta ma\u00f1ana en jurisdicci\u00f3n de San Pablo, Etla, seg\u00fan difundi\u00f3 en un comunicado de prensa.<\/p>\n\n\n\n<p>Sin embargo, tanto la Fiscal\u00eda General del Estado de Oaxaca como la Secretar\u00eda de Seguridad y Protecci\u00f3n Ciudadana descartaron este hecho y aseguraron que fue un percance vehicular.<\/p>\n\n\n\n<p>\u201cLa Fiscal\u00eda General del Estado de Oaxaca (FGEO) acudi\u00f3 de manera inmediata ante el reporte de un probable atentado en San Pablo Etla, aunque al arribar, los primeros respondientes indicaron que se trat\u00f3 de un choque entre dos veh\u00edculos en que el responsable huy\u00f3 del lugar.<\/p>\n\n\n\n<p>\u201cDe acuerdo con informaci\u00f3n proporcionada por la Polic\u00eda Estatal, as\u00ed como de Polic\u00eda Municipal de San Pablo, Etla, y derivado de entrevistas en el lugar, de manera preliminar se sabe que el conductor afectado, identificado por las iniciales B. L. L., viajaba a bordo de su camioneta y al momento de salir de una calle, otra camioneta de color rojo impact\u00f3 su veh\u00edculo que qued\u00f3 al borde del camino.<\/p>\n\n\n\n<p>\u201cEn tanto que, el conductor del veh\u00edculo responsable escap\u00f3 del lugar de los hechos, por lo que se activaron los protocolos correspondientes para dar con su paradero.<\/p>\n\n\n\n<p>\u201cPor su parte, B. L. L. fue atendido por param\u00e9dicos a bordo de una ambulancia quienes lo eval\u00faan para determinar si requiere ser trasladado para su atenci\u00f3n m\u00e9dica\u201d, dio a conocer la instituci\u00f3n de procuraci\u00f3n de justicia.<\/p>\n\n\n\n<p>Se la misma manera, la Secretar\u00eda de Protecci\u00f3n Ciudadana (SSPC) inform\u00f3 que a trav\u00e9s de la Polic\u00eda Estatal, atendi\u00f3 de manera inmediata el reporte realizado por familiares de B. L. L. al Servicio de Emergencias 9-1-1, en el cual se inform\u00f3 que dicha persona hab\u00eda sido privada ilegalmente de su libertad en inmediaciones de San Pablo Etla; no obstante, se trat\u00f3 de un choque.&nbsp;<\/p>\n\n\n\n<p>\u201cLa ma\u00f1ana de este mi\u00e9rcoles en el fraccionamiento El Progreso, los elementos tomaron conocimiento que el masculino se encontraba recibiendo atenci\u00f3n a bordo de la unidad m\u00e9dica de San Pablo Etla, quien indic\u00f3 que cuando se encontraba saliendo de su domicilio en su veh\u00edculo, una camioneta lo impact\u00f3 y se dio a la fuga\u201d, detall\u00f3.<\/p>\n\n\n\n<p>Asimismo, descart\u00f3 que alguna persona hubiese descendido de esta unidad de motor involucrada, con armas de fuego o presunta intenci\u00f3n de privarlo de su libertad, ya que solo se trat\u00f3 de un hecho de tr\u00e1nsito.<\/p>\n\n\n\n<p>En un comunicado, el Partido Nueva Alianza denuncio \u201cel atentado que sufri\u00f3 durante esta ma\u00f1ana de mi\u00e9rcoles nuestro secretario General, Bersah\u00edn L\u00f3pez L\u00f3pez, cuando transitaba a bordo de su veh\u00edculo en compa\u00f1\u00eda de su hijo, menor de edad, en inmediaciones de San Pablo, Etla, a unas cuadras de su domicilio\u201d, difundido.<\/p>\n\n\n\n<p>\u201cEs necesario resaltar que en los hechos violentos, sujetos armados impactaron la unidad y golpearon a nuestro dirigente. Entre el miedo y la desesperaci\u00f3n, su hijo, insistimos, menor de edad, corri\u00f3 descalzo a buscar ayuda\u201d, expuso.<\/p>\n","protected":false},"excerpt":{"rendered":"<p>Raymundo Morales\/Zona Roja. Oaxaca de Ju\u00e1rez, Oax., a 19 de marzo de 2025.- El dirigente&hellip;<\/p>\n","protected":false},"author":2,"featured_media":78566,"comment_status":"closed","ping_status":"open","sticky":false,"template":"","format":"standard","meta":{"_lmt_disableupdate":"","_lmt_disable":"","_jetpack_memberships_contains_paid_content":false,"footnotes":""},"categories":[109,47],"tags":[3003],"class_list":["post-78565","post","type-post","status-publish","format-standard","has-post-thumbnail","hentry","category-minuto-a-minuto","category-zona-gris","tag-bersahin-lopez-lopez"],"jetpack_featured_media_url":"https:\/\/zonaroja.com.mx\/wp-content\/uploads\/2025\/03\/Atentado-Bersahin-Lopez-1.jpg","jetpack_sharing_enabled":true,"_links":{"self":[{"href":"https:\/\/zonaroja.com.mx\/index.php?rest_route=\/wp\/v2\/posts\/78565","targetHints":{"allow":["GET"]}}],"collection":[{"href":"https:\/\/zonaroja.com.mx\/index.php?rest_route=\/wp\/v2\/posts"}],"about":[{"href":"https:\/\/zonaroja.com.mx\/index.php?rest_route=\/wp\/v2\/types\/post"}],"author":[{"embeddable":true,"href":"https:\/\/zonaroja.com.mx\/index.php?rest_route=\/wp\/v2\/users\/2"}],"replies":[{"embeddable":true,"href":"https:\/\/zonaroja.com.mx\/index.php?rest_route=%2Fwp%2Fv2%2Fcomments&post=78565"}],"version-history":[{"count":1,"href":"https:\/\/zonaroja.com.mx\/index.php?rest_route=\/wp\/v2\/posts\/78565\/revisions"}],"predecessor-version":[{"id":78567,"href":"https:\/\/zonaroja.com.mx\/index.php?rest_route=\/wp\/v2\/posts\/78565\/revisions\/78567"}],"wp:featuredmedia":[{"embeddable":true,"href":"https:\/\/zonaroja.com.mx\/index.php?rest_route=\/wp\/v2\/media\/78566"}],"wp:attachment":[{"href":"https:\/\/zonaroja.com.mx\/index.php?rest_route=%2Fwp%2Fv2%2Fmedia&parent=78565"}],"wp:term":[{"taxonomy":"category","embeddable":true,"href":"https:\/\/zonaroja.com.mx\/index.php?rest_route=%2Fwp%2Fv2%2Fcategories&post=78565"},{"taxonomy":"post_tag","embeddable":true,"href":"https:\/\/zonaroja.com.mx\/index.php?rest_route=%2Fwp%2Fv2%2Ftags&post=78565"}],"curies":[{"name":"wp","href":"https:\/\/api.w.org\/{rel}","templated":true}]}}