{"id":78581,"date":"2025-03-20T07:33:40","date_gmt":"2025-03-20T13:33:40","guid":{"rendered":"https:\/\/zonaroja.com.mx\/?p=78581"},"modified":"2025-03-20T07:33:41","modified_gmt":"2025-03-20T13:33:41","slug":"inauguran-pozo-profundo-en-xoxocotlan-para-abatir-estiaje","status":"publish","type":"post","link":"https:\/\/zonaroja.com.mx\/?p=78581","title":{"rendered":"Inauguran pozo profundo en Xoxocotl\u00e1n, para abatir estiaje"},"content":{"rendered":"\n<p>Redacci\u00f3n\/Zona Roja.<\/p>\n\n\n\n<p>Oaxaca de Ju\u00e1rez, Oax., a 20 de marzo de 2025.- Con el fin de garantizar el acceso al agua potable para toda la poblaci\u00f3n y, as\u00ed, mejorar sus condiciones de vida, el gobierno municipal de Santa Cruz Xoxocotl\u00e1n, encabezado por Nancy Ben\u00edtez Z\u00e1rate, en coordinaci\u00f3n con el Gobierno del Estado, inaugur\u00f3 el pozo profundo \u201cJuquilita 2\u201d.<\/p>\n\n\n\n<p>Esta obra contribuir\u00e1 al bienestar de las familias xoxe\u00f1as al incrementar el flujo de agua mediante una infraestructura h\u00eddrica necesaria para garantizar este servicio b\u00e1sico y afrontar la temporada de estiaje.<\/p>\n\n\n\n<p>El pozo \u201cJuquilita 2\u201d cont\u00f3 con una inversi\u00f3n superior a los 5 millones de pesos como parte del programa &#8216;Agua Para Todos 2025&#8217;, impulsado por el Gobierno del Estado.<\/p>\n\n\n\n<p>En el acto de inauguraci\u00f3n, ante el Gobernador del Estado, Salom\u00f3n Jara Cruz, la presidenta municipal, Nancy Ben\u00edtez Z\u00e1rate, destac\u00f3 que Santa Cruz Xoxocotl\u00e1n agradece estas obras de gran impacto en beneficio de la poblaci\u00f3n, ya que responden a una necesidad fundamental: la de priorizar el derecho al agua.<\/p>\n\n\n\n<p>Por su parte, el mandatario se\u00f1al\u00f3 que su gobierno trabaja para garantizar el acceso al vital l\u00edquido a las familias oaxaque\u00f1as, mediante el mantenimiento y la apertura de pozos. Por ello, afirm\u00f3 que este esfuerzo busca generar m\u00e1s infraestructura h\u00eddrica con una visi\u00f3n de justicia, inclusi\u00f3n y desarrollo integral y sostenible.<\/p>\n\n\n\n<p>\u201cSabemos que es una necesidad este pozo profundo \u2018Juquilita 2\u2019, porque va a beneficiar al municipio de Xoxocotl\u00e1n. En este periodo de estiaje complicado es muy importante tener agua\u201d, recalc\u00f3.&nbsp;<\/p>\n\n\n\n<p>El evento tambi\u00e9n cont\u00f3 con la presencia del director de la Comisi\u00f3n Estatal del Agua para el Bienestar, Neftal\u00ed Amigdael L\u00f3pez Hern\u00e1ndez; la secretaria de Bienestar, Tequio e Inclusi\u00f3n, Vilma Mart\u00ednez Cort\u00e9s y el titular de los Servicios de Agua Potable y Alcantarillado (SOAPA), Omar P\u00e9rez Ben\u00edtez.&nbsp;<\/p>\n\n\n\n<p>Con obras clave en el fortalecimiento de los servicios b\u00e1sicos, el municipio de Santa Cruz Xoxocotl\u00e1n mantiene el impulso para garantizar el bienestar de las familias xoxe\u00f1as.<\/p>\n","protected":false},"excerpt":{"rendered":"<p>Redacci\u00f3n\/Zona Roja. Oaxaca de Ju\u00e1rez, Oax., a 20 de marzo de 2025.- Con el fin&hellip;<\/p>\n","protected":false},"author":2,"featured_media":78582,"comment_status":"closed","ping_status":"open","sticky":false,"template":"","format":"standard","meta":{"_lmt_disableupdate":"","_lmt_disable":"","_jetpack_memberships_contains_paid_content":false,"footnotes":""},"categories":[109,46],"tags":[939],"class_list":["post-78581","post","type-post","status-publish","format-standard","has-post-thumbnail","hentry","category-minuto-a-minuto","category-zona-blanca","tag-salomon-jara-cruz"],"jetpack_featured_media_url":"https:\/\/zonaroja.com.mx\/wp-content\/uploads\/2025\/03\/Inauguracion-pozo-profundo-Juquilita-2-3.jpeg","jetpack_sharing_enabled":true,"_links":{"self":[{"href":"https:\/\/zonaroja.com.mx\/index.php?rest_route=\/wp\/v2\/posts\/78581","targetHints":{"allow":["GET"]}}],"collection":[{"href":"https:\/\/zonaroja.com.mx\/index.php?rest_route=\/wp\/v2\/posts"}],"about":[{"href":"https:\/\/zonaroja.com.mx\/index.php?rest_route=\/wp\/v2\/types\/post"}],"author":[{"embeddable":true,"href":"https:\/\/zonaroja.com.mx\/index.php?rest_route=\/wp\/v2\/users\/2"}],"replies":[{"embeddable":true,"href":"https:\/\/zonaroja.com.mx\/index.php?rest_route=%2Fwp%2Fv2%2Fcomments&post=78581"}],"version-history":[{"count":1,"href":"https:\/\/zonaroja.com.mx\/index.php?rest_route=\/wp\/v2\/posts\/78581\/revisions"}],"predecessor-version":[{"id":78583,"href":"https:\/\/zonaroja.com.mx\/index.php?rest_route=\/wp\/v2\/posts\/78581\/revisions\/78583"}],"wp:featuredmedia":[{"embeddable":true,"href":"https:\/\/zonaroja.com.mx\/index.php?rest_route=\/wp\/v2\/media\/78582"}],"wp:attachment":[{"href":"https:\/\/zonaroja.com.mx\/index.php?rest_route=%2Fwp%2Fv2%2Fmedia&parent=78581"}],"wp:term":[{"taxonomy":"category","embeddable":true,"href":"https:\/\/zonaroja.com.mx\/index.php?rest_route=%2Fwp%2Fv2%2Fcategories&post=78581"},{"taxonomy":"post_tag","embeddable":true,"href":"https:\/\/zonaroja.com.mx\/index.php?rest_route=%2Fwp%2Fv2%2Ftags&post=78581"}],"curies":[{"name":"wp","href":"https:\/\/api.w.org\/{rel}","templated":true}]}}