{"id":78584,"date":"2025-03-20T08:41:58","date_gmt":"2025-03-20T14:41:58","guid":{"rendered":"https:\/\/zonaroja.com.mx\/?p=78584"},"modified":"2025-03-20T08:41:59","modified_gmt":"2025-03-20T14:41:59","slug":"ejecutan-a-individuo-en-la-costa-indagan-otro-crimen-en-el-istmo","status":"publish","type":"post","link":"https:\/\/zonaroja.com.mx\/?p=78584","title":{"rendered":"Ejecutan a individuo en la Costa; indagan otro crimen en el Istmo"},"content":{"rendered":"\n<p>Raymundo Morales\/Zona Roja.<\/p>\n\n\n\n<p>Oaxaca de Ju\u00e1rez, Oax., a 20 de marzo de 2025.- Una persona del sexo masculino fue ejecutada a balazos en un camino de terracer\u00eda de Santo Domingo de Morelos, municipio de la Costa chica de Oaxaca.<\/p>\n\n\n\n<p>La v\u00edctima viajaba a bordo de un mototaxi, cuando fue atacada por sujetos desconocidos, que le dispararon en repetidas ocasiones.<\/p>\n\n\n\n<p>Hasta el momento el hoy occiso no ha sido identificado y la Vicefiscal\u00eda Regional de la Costa, dependiente de la Fiscal\u00eda General del Estado de Oaxaca, ha iniciado las investigaciones correspondientes.<\/p>\n\n\n\n<p>Por otra parte, la madrugada de ayer mi\u00e9rcoles, un individuo fue ultimado a balazos en Santa Mar\u00eda Mixtequilla, municipio de la regi\u00f3n del Istmo, colindante con Tehuantepec.<\/p>\n\n\n\n<p>Las autoridades y sus familiares lo identificaron como Alexander A. M., de 22 a\u00f1os de edad, cuyo cuerpo con varios impactos de bala fue localizado cerca del palacio municipal.<\/p>\n\n\n\n<p>Antes de que llegaran las autoridades ministeriales, el cuerpo fue levantado por sus familiares y trasladado a su domicilio a bordo de un mototaxi; las indagatorias las realiza la Vicefiscal\u00eda Regional del Istmo.<\/p>\n","protected":false},"excerpt":{"rendered":"<p>Raymundo Morales\/Zona Roja. Oaxaca de Ju\u00e1rez, Oax., a 20 de marzo de 2025.- Una persona&hellip;<\/p>\n","protected":false},"author":2,"featured_media":78585,"comment_status":"closed","ping_status":"open","sticky":false,"template":"","format":"standard","meta":{"_lmt_disableupdate":"","_lmt_disable":"","_jetpack_memberships_contains_paid_content":false,"footnotes":""},"categories":[109,51],"tags":[604],"class_list":["post-78584","post","type-post","status-publish","format-standard","has-post-thumbnail","hentry","category-minuto-a-minuto","category-zona-roja","tag-santo-domingo-de-morelos"],"jetpack_featured_media_url":"https:\/\/zonaroja.com.mx\/wp-content\/uploads\/2025\/03\/Ejecutado-Santo-Domingo-de-Morelos.jpg","jetpack_sharing_enabled":true,"_links":{"self":[{"href":"https:\/\/zonaroja.com.mx\/index.php?rest_route=\/wp\/v2\/posts\/78584","targetHints":{"allow":["GET"]}}],"collection":[{"href":"https:\/\/zonaroja.com.mx\/index.php?rest_route=\/wp\/v2\/posts"}],"about":[{"href":"https:\/\/zonaroja.com.mx\/index.php?rest_route=\/wp\/v2\/types\/post"}],"author":[{"embeddable":true,"href":"https:\/\/zonaroja.com.mx\/index.php?rest_route=\/wp\/v2\/users\/2"}],"replies":[{"embeddable":true,"href":"https:\/\/zonaroja.com.mx\/index.php?rest_route=%2Fwp%2Fv2%2Fcomments&post=78584"}],"version-history":[{"count":1,"href":"https:\/\/zonaroja.com.mx\/index.php?rest_route=\/wp\/v2\/posts\/78584\/revisions"}],"predecessor-version":[{"id":78586,"href":"https:\/\/zonaroja.com.mx\/index.php?rest_route=\/wp\/v2\/posts\/78584\/revisions\/78586"}],"wp:featuredmedia":[{"embeddable":true,"href":"https:\/\/zonaroja.com.mx\/index.php?rest_route=\/wp\/v2\/media\/78585"}],"wp:attachment":[{"href":"https:\/\/zonaroja.com.mx\/index.php?rest_route=%2Fwp%2Fv2%2Fmedia&parent=78584"}],"wp:term":[{"taxonomy":"category","embeddable":true,"href":"https:\/\/zonaroja.com.mx\/index.php?rest_route=%2Fwp%2Fv2%2Fcategories&post=78584"},{"taxonomy":"post_tag","embeddable":true,"href":"https:\/\/zonaroja.com.mx\/index.php?rest_route=%2Fwp%2Fv2%2Ftags&post=78584"}],"curies":[{"name":"wp","href":"https:\/\/api.w.org\/{rel}","templated":true}]}}