{"id":78587,"date":"2025-03-20T10:30:00","date_gmt":"2025-03-20T16:30:00","guid":{"rendered":"https:\/\/zonaroja.com.mx\/?p=78587"},"modified":"2025-03-20T08:47:02","modified_gmt":"2025-03-20T14:47:02","slug":"detienen-en-baja-california-a-presunto-feminicida-de-oaxaca","status":"publish","type":"post","link":"https:\/\/zonaroja.com.mx\/?p=78587","title":{"rendered":"Detienen en Baja California a presunto feminicida de Oaxaca"},"content":{"rendered":"\n<p>Redacci\u00f3n\/Zona Roja.&nbsp;<\/p>\n\n\n\n<p>Oaxaca de Ju\u00e1rez, Oax., a 20 de marzo de 2025.- Un presunto feminicida de la regi\u00f3n Valles Centrales de Oaxaca fue detenido en Baja California, donde se escond\u00eda.&nbsp;<\/p>\n\n\n\n<p>La Fiscal\u00eda General del Estado de Oaxaca inform\u00f3 que los trabajos ministeriales especializados en delitos contra la mujer por raz\u00f3n de g\u00e9nero, con estricto apego a la perspectiva de g\u00e9nero, dieron como resultado la obtenci\u00f3n de auto de vinculaci\u00f3n a proceso contra J.P.M.<\/p>\n\n\n\n<p>De acuerdo con el expediente penal, los hechos ocurrieron en la localidad de El Gachup\u00edn, en el municipio de Santa Mar\u00eda Tlazoyaltepec, distrito de Etla, donde localizaron el cuerpo sin vida de una mujer adulta mayor identificada como A.P.S., quien presentaba signos de violencia.&nbsp;<\/p>\n\n\n\n<p>Al tener conocimiento del caso, la Fiscal\u00eda de Oaxaca inici\u00f3 los trabajos de investigaci\u00f3n correspondiente a trav\u00e9s de la Vicefiscal\u00eda General de Control Regional, los cuales permitieron establecer el paradero de J.P.M., quien se encontraba en el estado fronterizo de Baja California por lo que se solicit\u00f3 la colaboraci\u00f3n interinstitucional con la Fiscal\u00eda de Baja California para la ejecuci\u00f3n de la orden de aprehensi\u00f3n en su contra.<\/p>\n\n\n\n<p>Tras la detenci\u00f3n de J.P.M., se efectuaron los tr\u00e1mites legales pertinentes para su traslado a Oaxaca y con ello, ponerlo a disposici\u00f3n de la autoridad ministerial correspondiente que, a su vez, lo present\u00f3 ante el Juez de control que calific\u00f3 como legal la detenci\u00f3n y comunic\u00f3 la imputaci\u00f3n.&nbsp;<\/p>\n\n\n\n<p>Despu\u00e9s de recabar y presentar las pruebas ante el Juez, est\u00e9 dict\u00f3 auto de vinculaci\u00f3n a proceso en contra del imputado por el delito de feminicidio, imponi\u00e9ndole la medida cautelar de prisi\u00f3n preventiva oficiosa, adem\u00e1s que otorg\u00f3 un mes para el cierre de investigaci\u00f3n complementaria.<\/p>\n\n\n\n<p>PRESUNTO HOMICIDA&nbsp;<\/p>\n\n\n\n<p>Por otra parte, la Fiscal\u00eda General del Estado de Oaxaca (FGEO) obtuvo la vinculaci\u00f3n a proceso de una persona del sexo masculino identificado como M.R.L., por el delito de homicidio calificado con ventaja, hechos ocurridos en la regi\u00f3n de la Mixteca.<\/p>\n\n\n\n<p>De acuerdo con la carpeta de investigaci\u00f3n, los hechos sucedieron el 22 de febrero de 2025, cuando la v\u00edctima transitaba por calles de Putla Villa de Guerrero, donde fue agredido con disparos de arma de fuego, debido a lo cual sufri\u00f3 heridas que le ocasionaron la muerte.<\/p>\n\n\n\n<p>Ante estos hechos, la Fiscal\u00eda General del Estado de Oaxaca -a trav\u00e9s de la Vicefiscal\u00eda Regional de la Mixteca- realiz\u00f3 las investigaciones correspondientes que permitieron obtener una orden de aprehensi\u00f3n en contra de M.R.L., por el delito de homicidio calificado con ventaja, la cual fue ejecutada por elementos de la Agencia Estatal de Investigaciones.<\/p>\n\n\n\n<p>Tras las audiencias, el Juez de la causa evalu\u00f3 las pruebas aportadas por la FGEO y dict\u00f3 auto de vinculaci\u00f3n a proceso en contra de M.R.L., adem\u00e1s de imponer la medida de prisi\u00f3n preventiva y otorg\u00f3 dos meses para el cierre de la investigaci\u00f3n complementaria.<\/p>\n","protected":false},"excerpt":{"rendered":"<p>Redacci\u00f3n\/Zona Roja.&nbsp; Oaxaca de Ju\u00e1rez, Oax., a 20 de marzo de 2025.- Un presunto feminicida&hellip;<\/p>\n","protected":false},"author":2,"featured_media":78588,"comment_status":"closed","ping_status":"open","sticky":false,"template":"","format":"standard","meta":{"_lmt_disableupdate":"","_lmt_disable":"","_jetpack_memberships_contains_paid_content":false,"footnotes":""},"categories":[109,46],"tags":[494],"class_list":["post-78587","post","type-post","status-publish","format-standard","has-post-thumbnail","hentry","category-minuto-a-minuto","category-zona-blanca","tag-fiscalia-general-del-estado-de-oaxaca"],"jetpack_featured_media_url":"https:\/\/zonaroja.com.mx\/wp-content\/uploads\/2025\/03\/Detenido-feminicida-en-Baja-California-Tlazoyaltepec.jpg","jetpack_sharing_enabled":true,"_links":{"self":[{"href":"https:\/\/zonaroja.com.mx\/index.php?rest_route=\/wp\/v2\/posts\/78587","targetHints":{"allow":["GET"]}}],"collection":[{"href":"https:\/\/zonaroja.com.mx\/index.php?rest_route=\/wp\/v2\/posts"}],"about":[{"href":"https:\/\/zonaroja.com.mx\/index.php?rest_route=\/wp\/v2\/types\/post"}],"author":[{"embeddable":true,"href":"https:\/\/zonaroja.com.mx\/index.php?rest_route=\/wp\/v2\/users\/2"}],"replies":[{"embeddable":true,"href":"https:\/\/zonaroja.com.mx\/index.php?rest_route=%2Fwp%2Fv2%2Fcomments&post=78587"}],"version-history":[{"count":1,"href":"https:\/\/zonaroja.com.mx\/index.php?rest_route=\/wp\/v2\/posts\/78587\/revisions"}],"predecessor-version":[{"id":78589,"href":"https:\/\/zonaroja.com.mx\/index.php?rest_route=\/wp\/v2\/posts\/78587\/revisions\/78589"}],"wp:featuredmedia":[{"embeddable":true,"href":"https:\/\/zonaroja.com.mx\/index.php?rest_route=\/wp\/v2\/media\/78588"}],"wp:attachment":[{"href":"https:\/\/zonaroja.com.mx\/index.php?rest_route=%2Fwp%2Fv2%2Fmedia&parent=78587"}],"wp:term":[{"taxonomy":"category","embeddable":true,"href":"https:\/\/zonaroja.com.mx\/index.php?rest_route=%2Fwp%2Fv2%2Fcategories&post=78587"},{"taxonomy":"post_tag","embeddable":true,"href":"https:\/\/zonaroja.com.mx\/index.php?rest_route=%2Fwp%2Fv2%2Ftags&post=78587"}],"curies":[{"name":"wp","href":"https:\/\/api.w.org\/{rel}","templated":true}]}}