{"id":78598,"date":"2025-03-20T13:30:00","date_gmt":"2025-03-20T19:30:00","guid":{"rendered":"https:\/\/zonaroja.com.mx\/?p=78598"},"modified":"2025-03-20T08:58:01","modified_gmt":"2025-03-20T14:58:01","slug":"opinion-la-banalidad-del-mal","status":"publish","type":"post","link":"https:\/\/zonaroja.com.mx\/?p=78598","title":{"rendered":"Opini\u00f3n. La banalidad del mal"},"content":{"rendered":"\n<p>N\u00e9stor Y. S\u00e1nchez Islas<\/p>\n\n\n\n<p>\u201cEl mal no siempre proviene de individuos s\u00e1dicos, sino de la obediencia ciega y la falta de reflexi\u00f3n\u201d fue una de las conclusiones de Hannah Arendt en su libro, del que tom\u00e9 el t\u00edtulo para este art\u00edculo,&nbsp;escrito&nbsp;despu\u00e9s de asistir al juicio en Israel del criminal nazi Adolf Eichmann, secuestrado en Buenos Aires y trasladado a Tel Aviv para ser juzgado y condenado a muerte en 1963. Arendt era reportera de la revista New Yorker y, adem\u00e1s,&nbsp;mujer&nbsp;jud\u00eda.<\/p>\n\n\n\n<p>El an\u00e1lisis filos\u00f3fico que hizo Arendt puede servir no para comparar en este caso, sino para advertir hacia d\u00f3nde podr\u00edamos ir despu\u00e9s del hallazgo de un campo de exterminio del crimen organizado en el municipio de Teuchitl\u00e1n, Jalisco. Y en este caso, el riesgo est\u00e1 en que vivimos bajo un r\u00e9gimen altamente burocratizado, insensible y en el que se exige obediencia ciega antes que an\u00e1lisis y reflexi\u00f3n a quienes de \u00e9l forman parte.<\/p>\n\n\n\n<p>Arendt analiza y critica la incapacidad de pensar moralmente del criminal nazi que decide no&nbsp;valorar&nbsp;las consecuencias de sus actos. Partiendo de esa observaci\u00f3n, describe a la \u201cbanalidad del mal\u201d como personas aparentemente normales que pueden cometer atrocidades al obedecer \u00f3rdenes sin cuestionarlas. Eichmann se ve\u00eda a s\u00ed mismo como un simple bur\u00f3crata que segu\u00eda \u00f3rdenes dentro de un sistema burocr\u00e1tico deshumanizado que convirti\u00f3 el&nbsp;exterminio&nbsp;en un proceso administrativo del cual se buscaba la mayor eficiencia&nbsp;diluyendo&nbsp;responsabilidades&nbsp;entre las jerarqu\u00edas burocr\u00e1ticas y,&nbsp;por tanto, seg\u00fan Eichmann, nadie&nbsp;era&nbsp;responsable&nbsp;y la&nbsp;gente&nbsp;no deb\u00eda cuestionar&nbsp;las acciones&nbsp;de aquel&nbsp;r\u00e9gimen&nbsp;del mal.<\/p>\n\n\n\n<p>Lo descubierto en Jalisco no es nuevo, no es el primer campo de exterminio&nbsp;encontrado&nbsp;en los \u00faltimos a\u00f1os como lo han demostrado las madres buscadoras que con el valor que las fiscal\u00eda no tienen, han&nbsp;ubicado cientos de cementerios clandestinos a lo largo y ancho del pa\u00eds,&nbsp;sin embargo, este \u00faltimo campo, el de Jalisco, lleg\u00f3 a la prensa mundial por la fotograf\u00eda difundida de cientos de pares de zapatos amontonados, similar a las fotograf\u00edas del Holocausto cuando los aliados liberaron los campos de concentraci\u00f3n. La&nbsp;presidenta&nbsp;y los suyos est\u00e1n haciendo uso de todos los recursos de propaganda del r\u00e9gimen para&nbsp;evitarlo, pero&nbsp;ser\u00e1 imposible, esa imagen&nbsp;ya define y determina&nbsp;a la 4T, a L\u00f3pez y a Sheinbaum.<\/p>\n\n\n\n<p>S\u00ed&nbsp;este art\u00edculo no es para&nbsp;comparar porque&nbsp;la asimetr\u00eda de los n\u00fameros no lo permite&nbsp;entre el genocidio nazi y el mexicano,&nbsp;si podemos&nbsp;hacer juicios morales&nbsp;sobre la conducta de quienes, para alcanzar el poder, banalizaron el mal al grado de llegar a darle abrazos en lugar de combatirlo, de quienes hip\u00f3critamente pidieron \u201cno m\u00e1s sangre\u201d sin decirnos que se refer\u00edan a la de los criminales y no de los inocentes masacrados.<\/p>\n\n\n\n<p>Hannah Arendt nos advierte sobre el extremo en que puede caer un pa\u00eds altamente burocratizado e insensible, ajeno a la moralidad y a la responsabilidad individual como lo vemos y escuchamos machaconamente a trav\u00e9s de los medios&nbsp;cuando&nbsp;el gobierno trata de deslindarse y acusa a Calder\u00f3n&nbsp;y a otros&nbsp;sobre la existencia de este holocausto jalisciense.&nbsp;Y siguiendo el ejemplo nacional,&nbsp;en Oaxaca&nbsp;se deslindan&nbsp;tambi\u00e9n sobre el accidente carretero que dej\u00f3 19 acarreados muertos: fue culpa del chofer,&nbsp;al cabo que ya est\u00e1 muerto.<\/p>\n\n\n\n<p>La falta de empat\u00eda hacia el sufrimiento ajeno y la necedad de cumplir a rajatabla con el&nbsp;\u201cmovimiento\u201dprovoc\u00f3 m\u00e1s de 800 mil muerte por Covid. La falta de apego a la gente de la calle y el amor por los criminales dej\u00f3 200 mil muerto y 56 mil desaparecidos el sexenio pasado.&nbsp;Con m\u00e1s de un mill\u00f3n de muertos sobre las espaldas insisten en llamarse el gobierno m\u00e1s humanista de la historia.<\/p>\n\n\n\n<p>No debe afirmarse que la burocratizaci\u00f3n de un r\u00e9gimen sea mala por si misma, sin embargo, ese modelo es altamente&nbsp;insensible, inhumano&nbsp;y lo sufrimos en cada ventanilla oficial o en cada paro, marcha y bloqueo magisterial, ejemplo de lo m\u00e1s&nbsp;ruin del sindicalismo&nbsp;en exceso.<\/p>\n\n\n\n<p>Un r\u00e9gimen que exige obediencia ciega es m\u00e1s propenso a la banalidad del mal cuando divide y&nbsp;diluye las responsabilidades&nbsp;criminales&nbsp;entre los rangos m\u00e1s bajos del escalaf\u00f3n, cuando usa toda clase de im\u00e1genesy&nbsp;declaraciones para manipular los hechos a su conveniencia y, sobre todo, cuando a trav\u00e9s de los sistemas educativos y del control de plumas&nbsp;y conciencias que se venden, reprime&nbsp;la cr\u00edtica&nbsp;y las objeciones de quienes no estamos de acuerdo con lo que vemos y padecemos.&nbsp;No es un hecho aislado la brutalidad policiaca contra la prensa, es una pol\u00edtica de Estado de este gobierno.<\/p>\n\n\n\n<p>En M\u00e9xico estamos banalizando el mal. La alianza del r\u00e9gimen con la criminalidad, la tolerancia hacia el porrismo y terrorismo&nbsp;han transformado a una parte de&nbsp;M\u00e9xico en&nbsp;un pa\u00eds de c\u00ednicos que&nbsp;celebra y practica la narco cultura, ataca la moral y el civismo&nbsp;y destruye a conveniencia el orden social&nbsp;porque&nbsp;el crimen&nbsp;tom\u00f3&nbsp;el poder.<\/p>\n\n\n\n<p>nestoryuri@yahoo.com<\/p>\n","protected":false},"excerpt":{"rendered":"<p>N\u00e9stor Y. S\u00e1nchez Islas \u201cEl mal no siempre proviene de individuos s\u00e1dicos, sino de la&hellip;<\/p>\n","protected":false},"author":2,"featured_media":67897,"comment_status":"closed","ping_status":"open","sticky":false,"template":"","format":"standard","meta":{"_lmt_disableupdate":"","_lmt_disable":"","_jetpack_memberships_contains_paid_content":false,"footnotes":""},"categories":[456,109],"tags":[3050],"class_list":["post-78598","post","type-post","status-publish","format-standard","has-post-thumbnail","hentry","category-columna","category-minuto-a-minuto","tag-nestor-yuri-sanchez"],"jetpack_featured_media_url":"https:\/\/zonaroja.com.mx\/wp-content\/uploads\/2024\/05\/Opinion-Nestor-Yuri-Sanchez.jpeg","jetpack_sharing_enabled":true,"_links":{"self":[{"href":"https:\/\/zonaroja.com.mx\/index.php?rest_route=\/wp\/v2\/posts\/78598","targetHints":{"allow":["GET"]}}],"collection":[{"href":"https:\/\/zonaroja.com.mx\/index.php?rest_route=\/wp\/v2\/posts"}],"about":[{"href":"https:\/\/zonaroja.com.mx\/index.php?rest_route=\/wp\/v2\/types\/post"}],"author":[{"embeddable":true,"href":"https:\/\/zonaroja.com.mx\/index.php?rest_route=\/wp\/v2\/users\/2"}],"replies":[{"embeddable":true,"href":"https:\/\/zonaroja.com.mx\/index.php?rest_route=%2Fwp%2Fv2%2Fcomments&post=78598"}],"version-history":[{"count":1,"href":"https:\/\/zonaroja.com.mx\/index.php?rest_route=\/wp\/v2\/posts\/78598\/revisions"}],"predecessor-version":[{"id":78599,"href":"https:\/\/zonaroja.com.mx\/index.php?rest_route=\/wp\/v2\/posts\/78598\/revisions\/78599"}],"wp:featuredmedia":[{"embeddable":true,"href":"https:\/\/zonaroja.com.mx\/index.php?rest_route=\/wp\/v2\/media\/67897"}],"wp:attachment":[{"href":"https:\/\/zonaroja.com.mx\/index.php?rest_route=%2Fwp%2Fv2%2Fmedia&parent=78598"}],"wp:term":[{"taxonomy":"category","embeddable":true,"href":"https:\/\/zonaroja.com.mx\/index.php?rest_route=%2Fwp%2Fv2%2Fcategories&post=78598"},{"taxonomy":"post_tag","embeddable":true,"href":"https:\/\/zonaroja.com.mx\/index.php?rest_route=%2Fwp%2Fv2%2Ftags&post=78598"}],"curies":[{"name":"wp","href":"https:\/\/api.w.org\/{rel}","templated":true}]}}