{"id":7860,"date":"2020-01-20T14:15:20","date_gmt":"2020-01-20T20:15:20","guid":{"rendered":"https:\/\/www.zonaroja.com.mx\/?p=7860"},"modified":"2020-01-20T14:15:22","modified_gmt":"2020-01-20T20:15:22","slug":"agua-para-ayutla-resono-en-la-visita-de-amlo-a-oaxaca","status":"publish","type":"post","link":"https:\/\/zonaroja.com.mx\/?p=7860","title":{"rendered":"\u00a1Agua para Ayutla! reson\u00f3\u00a0\u00a0en la visita de AMLO a Oaxaca\u00a0"},"content":{"rendered":"\n<p class=\"p3\">Evlin Arag\u00f3n\/ Zona Roja.&nbsp;<\/p>\n\n\n\n<p class=\"p2\">Oaxaca de Ju\u00e1rez, Oax., 20 de enero de 2020.- Sin quitar el dedo del rengl\u00f3n y ante la falta de atenci\u00f3n por parte de las autoridades estatales, habitantes de San Pedro y San Pablo Ayutla demandaron de nueva cuenta su derecho al acceso de agua potable que ha sido violentado desde hace m\u00e1s de dos a\u00f1os.&nbsp;<\/p>\n\n\n\n<p class=\"p3\">Lo hicieron en el marco de la visita del Presidente Andr\u00e9s Manuel L\u00f3pez Obrador, quien este domingo estuvo en la regi\u00f3n de la Sierra Norte para inaugurar obras pertenecientes al Programa de Pavimentaci\u00f3n de Caminos a Cabeceras Municipales.<\/p>\n\n\n\n<p class=\"p3\">Con una enorme manta colocada en el camino que lleva a la localidad, las y los pobladores hicieron el llamado al mandatario federal \u201cBienvenido al territorio de San Pedro y San Pablo Ayutla Mixe, comunidad con 957 d\u00edas sin agua potable\u201d.<\/p>\n\n\n\n<p class=\"p3\">En este mismo sentido, explicaron que el gobernador Alejandro Murat Hinojosa incumpli\u00f3 la palabra que empe\u00f1\u00f3 con el mandatario federal en su anterior visita a territorio oaxaque\u00f1o, en la que prometi\u00f3 darle soluci\u00f3n a la problem\u00e1tica tras varias protestas previas por parte de la poblaci\u00f3n, que incluso llevaron a la Organizaci\u00f3n de las Naciones Unidas.<\/p>\n\n\n\n<p class=\"p3\">Hace un par de d\u00edas, la escritora, ling\u00fcista y activista Y\u00e1snaya Aguilar Gil, recrimin\u00f3 a trav\u00e9s de sus redes sociales al mandatario oaxaque\u00f1o la falta de atenci\u00f3n: \u201cOye @alejandromurat \u00bfpara cu\u00e1ndo se garantiza el agua potable en Ayutla Mixe?, \u00bfTe acuerdas que dijiste que en dos d\u00edas el pasado agosto?\u201d,&nbsp;&nbsp;public\u00f3 en sus redes sociales.<\/p>\n\n\n\n<p class=\"p3\">La reconocida especialista critic\u00f3 que la problem\u00e1tica sea descrita por las autoridades como un conflicto agrario entre Ayutla y Tamazul\u00e1pam del Esp\u00edritu Santo, cuando existe de fondo permisividad y protecci\u00f3n de grupos armados en la zona, de los cuales incluso ha dado fe la Secretaria de la Defensa Nacional y la Fiscal\u00eda General de Justicia del Oaxaca.<\/p>\n\n\n\n<p class=\"p3\">\u201cUna y otra vez funcionarios del gobierno estatal han dicho que ya se garantizar\u00e1 agua para Ayutla pero pues al parecer no pueden, \u00bfa qui\u00e9nes encubren? Nos cansamos de escuchar\u201d, refiere, a la par que detall\u00f3 son m\u00e1s de 950 d\u00edas sin acceso al agua potable de su manantial comunitario.<\/p>\n\n\n\n<p class=\"p3\">As\u00ed mismo el lunes pasado en la capital de Oaxaca, la demanda se hizo presente durante un foro del agua en el Centro Cultural y de Convenciones de Oaxaca (CCCO), donde se desprendi\u00f3 la cartulina con la leyenda \u201c\u00a1Agua para Ayutla!\u201d sostenida por mujeres de pie en medio de una multitud reunida.<\/p>\n\n\n\n<p class=\"p3\">Agua para Ayutla ha sido la demanda de la poblaci\u00f3n desde hace m\u00e1s de dos a\u00f1os, en que ni\u00f1as, ni\u00f1os y j\u00f3venes se han pronunciado al interior de sus escuelas; mujeres y hombres lo han hechos en conferencias de prensa, reuniones con autoridades, interceptando a los mandatarios federal y estatal en su gira e incluso la han llevado a nivel internacional.&nbsp;<\/p>\n","protected":false},"excerpt":{"rendered":"<p>Evlin Arag\u00f3n\/ Zona Roja.&nbsp; Oaxaca de Ju\u00e1rez, Oax., 20 de enero de 2020.- Sin quitar&hellip;<\/p>\n","protected":false},"author":2,"featured_media":7859,"comment_status":"closed","ping_status":"open","sticky":false,"template":"","format":"standard","meta":{"_lmt_disableupdate":"","_lmt_disable":"","_jetpack_memberships_contains_paid_content":false,"footnotes":""},"categories":[109,47],"tags":[1147],"class_list":["post-7860","post","type-post","status-publish","format-standard","has-post-thumbnail","hentry","category-minuto-a-minuto","category-zona-gris","tag-san-pedro-y-san-pablo-ayutla"],"jetpack_featured_media_url":"https:\/\/zonaroja.com.mx\/wp-content\/uploads\/2020\/01\/img_0064.jpg","jetpack_sharing_enabled":true,"_links":{"self":[{"href":"https:\/\/zonaroja.com.mx\/index.php?rest_route=\/wp\/v2\/posts\/7860","targetHints":{"allow":["GET"]}}],"collection":[{"href":"https:\/\/zonaroja.com.mx\/index.php?rest_route=\/wp\/v2\/posts"}],"about":[{"href":"https:\/\/zonaroja.com.mx\/index.php?rest_route=\/wp\/v2\/types\/post"}],"author":[{"embeddable":true,"href":"https:\/\/zonaroja.com.mx\/index.php?rest_route=\/wp\/v2\/users\/2"}],"replies":[{"embeddable":true,"href":"https:\/\/zonaroja.com.mx\/index.php?rest_route=%2Fwp%2Fv2%2Fcomments&post=7860"}],"version-history":[{"count":1,"href":"https:\/\/zonaroja.com.mx\/index.php?rest_route=\/wp\/v2\/posts\/7860\/revisions"}],"predecessor-version":[{"id":7861,"href":"https:\/\/zonaroja.com.mx\/index.php?rest_route=\/wp\/v2\/posts\/7860\/revisions\/7861"}],"wp:featuredmedia":[{"embeddable":true,"href":"https:\/\/zonaroja.com.mx\/index.php?rest_route=\/wp\/v2\/media\/7859"}],"wp:attachment":[{"href":"https:\/\/zonaroja.com.mx\/index.php?rest_route=%2Fwp%2Fv2%2Fmedia&parent=7860"}],"wp:term":[{"taxonomy":"category","embeddable":true,"href":"https:\/\/zonaroja.com.mx\/index.php?rest_route=%2Fwp%2Fv2%2Fcategories&post=7860"},{"taxonomy":"post_tag","embeddable":true,"href":"https:\/\/zonaroja.com.mx\/index.php?rest_route=%2Fwp%2Fv2%2Ftags&post=7860"}],"curies":[{"name":"wp","href":"https:\/\/api.w.org\/{rel}","templated":true}]}}