{"id":78600,"date":"2025-03-20T16:46:22","date_gmt":"2025-03-20T22:46:22","guid":{"rendered":"https:\/\/zonaroja.com.mx\/?p=78600"},"modified":"2025-03-20T16:46:31","modified_gmt":"2025-03-20T22:46:31","slug":"asesinan-a-dos-hombres-y-una-mujer-en-comunidades-de-oaxaca","status":"publish","type":"post","link":"https:\/\/zonaroja.com.mx\/?p=78600","title":{"rendered":"Asesinan a dos hombres y una mujer en comunidades de Oaxaca"},"content":{"rendered":"\n<p>Raymundo Morales\/Zona Roja.<\/p>\n\n\n\n<p>Oaxaca de Ju\u00e1rez, Oax., a 20 de marzo de 2025.- Un hombre y una mujer fueron ejecutados a balazos este jueves en la localidad de Taniche, perteneciente al municipio de Ejutla de Crespo.<\/p>\n\n\n\n<p>Sujetos desconocidos dispararon de manera directa en contra de la pareja que viajaba a bordo d una camioneta marca Nissan, tipo Estaquitas, tras lo cual huyeron de la zona.<\/p>\n\n\n\n<p>Las v\u00edctimas fueron identificadas como Alicia A. y Santos C. A., cuyos cuerpos fueron hallados por los polic\u00edas en el interior de la unidad de motor con placas RR-8827-B del estado de Oaxaca.<\/p>\n\n\n\n<p>Mientras tanto a un costado de la carretera federal 190, jurisdicci\u00f3n del paraje El Aserradero, perteneciente al municipio de Tlacolula de Matamoros, y cerca del enroque a la supercarretera Mitla Tehuantepec.<\/p>\n\n\n\n<p>La v\u00edctima a\u00fan no ha sido identificada y su cuerpo qued\u00f3 a un costado de la motocicleta en que se trasladaba; hasta el momento no hay mayor informaci\u00f3n de los hechos.<\/p>\n","protected":false},"excerpt":{"rendered":"<p>Raymundo Morales\/Zona Roja. Oaxaca de Ju\u00e1rez, Oax., a 20 de marzo de 2025.- Un hombre&hellip;<\/p>\n","protected":false},"author":2,"featured_media":78601,"comment_status":"closed","ping_status":"open","sticky":false,"template":"","format":"standard","meta":{"_lmt_disableupdate":"","_lmt_disable":"","_jetpack_memberships_contains_paid_content":false,"footnotes":""},"categories":[109,51],"tags":[143,702],"class_list":["post-78600","post","type-post","status-publish","format-standard","has-post-thumbnail","hentry","category-minuto-a-minuto","category-zona-roja","tag-andres-manuel-lopez-obrador","tag-ejutla-de-crespo"],"jetpack_featured_media_url":"https:\/\/zonaroja.com.mx\/wp-content\/uploads\/2025\/03\/Ejecutado-Taniche-Ejutla.jpg","jetpack_sharing_enabled":true,"_links":{"self":[{"href":"https:\/\/zonaroja.com.mx\/index.php?rest_route=\/wp\/v2\/posts\/78600","targetHints":{"allow":["GET"]}}],"collection":[{"href":"https:\/\/zonaroja.com.mx\/index.php?rest_route=\/wp\/v2\/posts"}],"about":[{"href":"https:\/\/zonaroja.com.mx\/index.php?rest_route=\/wp\/v2\/types\/post"}],"author":[{"embeddable":true,"href":"https:\/\/zonaroja.com.mx\/index.php?rest_route=\/wp\/v2\/users\/2"}],"replies":[{"embeddable":true,"href":"https:\/\/zonaroja.com.mx\/index.php?rest_route=%2Fwp%2Fv2%2Fcomments&post=78600"}],"version-history":[{"count":1,"href":"https:\/\/zonaroja.com.mx\/index.php?rest_route=\/wp\/v2\/posts\/78600\/revisions"}],"predecessor-version":[{"id":78602,"href":"https:\/\/zonaroja.com.mx\/index.php?rest_route=\/wp\/v2\/posts\/78600\/revisions\/78602"}],"wp:featuredmedia":[{"embeddable":true,"href":"https:\/\/zonaroja.com.mx\/index.php?rest_route=\/wp\/v2\/media\/78601"}],"wp:attachment":[{"href":"https:\/\/zonaroja.com.mx\/index.php?rest_route=%2Fwp%2Fv2%2Fmedia&parent=78600"}],"wp:term":[{"taxonomy":"category","embeddable":true,"href":"https:\/\/zonaroja.com.mx\/index.php?rest_route=%2Fwp%2Fv2%2Fcategories&post=78600"},{"taxonomy":"post_tag","embeddable":true,"href":"https:\/\/zonaroja.com.mx\/index.php?rest_route=%2Fwp%2Fv2%2Ftags&post=78600"}],"curies":[{"name":"wp","href":"https:\/\/api.w.org\/{rel}","templated":true}]}}