{"id":78603,"date":"2025-03-20T17:50:00","date_gmt":"2025-03-20T23:50:00","guid":{"rendered":"https:\/\/zonaroja.com.mx\/?p=78603"},"modified":"2025-03-20T16:52:02","modified_gmt":"2025-03-20T22:52:02","slug":"destaca-encuesta-a-jara-cruz-en-primeros-10-lugares-de-aprobacion","status":"publish","type":"post","link":"https:\/\/zonaroja.com.mx\/?p=78603","title":{"rendered":"Destaca encuesta a Jara Cruz en primeros 10 lugares de aprobaci\u00f3n"},"content":{"rendered":"\n<p>Redacci\u00f3n\/Zona Roja Cdmx.<\/p>\n\n\n\n<p>Ciudad de M\u00e9xico, a 20 de marzo de 2025.- El gobernador de Oaxaca, Salom\u00f3n Jara Cruz, ocupa uno de los 10 primeros lugares en aprobaci\u00f3n gubernamental a nivel nacional, seg\u00fan el reciente estudio GobernArte Sentimientos de la Naci\u00f3n.&nbsp;<br>Esta encuesta refleja la percepci\u00f3n de la ciudadan\u00eda sobre el desempe\u00f1o de los gobernantes en distintos aspectos de su gesti\u00f3n.<br>El gobernador oaxaque\u00f1o obtuvo una calificaci\u00f3n de 59.4%, lo que representa un incremento de 3% respecto a la \u00faltima encuesta realizada en la entidad. De acuerdo con el estudio, Jara Cruz se encuentra dentro del top 5 de los gobiernos estatales con mayor aprobaci\u00f3n, y ocupa el quinto lugar entre los gobernadores m\u00e1s destacados del pa\u00eds.<\/p>\n\n\n\n<p>La encuesta fue realizada entre el 10 y el 16 de marzo de 2025, a trav\u00e9s de la aplicaci\u00f3n \u00abOdiseo\u00bb, la cual recolect\u00f3 datos de ciudadanos mayores de edad residentes de los diferentes estados del pa\u00eds.<\/p>\n\n\n\n<p>Una de las razones de la alta aprobaci\u00f3n de Jara Cruz es su enfoque en la atenci\u00f3n directa a las necesidades de la poblaci\u00f3n.&nbsp;<br>El gobernador realiza constantes giras de trabajo en los 570 municipios de Oaxaca, reuni\u00e9ndose con ciudadanos y autoridades locales para conocer de primera mano sus inquietudes y brindar respuestas eficaces.<\/p>\n\n\n\n<p>Reducci\u00f3n de la pobreza<\/p>\n\n\n\n<p>Los avances en la gesti\u00f3n gubernamental tambi\u00e9n se reflejan en la reducci\u00f3n de la pobreza, seg\u00fan datos del Consejo Nacional de Evaluaci\u00f3n de la Pol\u00edtica de Desarrollo Social (Coneval), y en la mejora de las finanzas p\u00fablicas a trav\u00e9s de la disminuci\u00f3n del subejercicio y la deuda p\u00fablica.<br>A dos a\u00f1os de su mandato, Oaxaca se ha posicionado como uno de los estados m\u00e1s seguros del pa\u00eds, ocupando el quinto lugar en menor tasa de delitos por cada 100,000 habitantes.&nbsp;<br>Adem\u00e1s, su gobierno ha centrado pol\u00edticas p\u00fablicas en la atenci\u00f3n a la ni\u00f1ez, las mujeres, las comunidades ind\u00edgenas y otros grupos prioritarios, como parte de la reparaci\u00f3n de la deuda hist\u00f3rica con estos sectores.<\/p>\n\n\n\n<p>(Informaci\u00f3n de \u201cReporte \u00cdndigo\u201d)<\/p>\n","protected":false},"excerpt":{"rendered":"<p>Redacci\u00f3n\/Zona Roja Cdmx. Ciudad de M\u00e9xico, a 20 de marzo de 2025.- El gobernador de&hellip;<\/p>\n","protected":false},"author":2,"featured_media":78604,"comment_status":"closed","ping_status":"open","sticky":false,"template":"","format":"standard","meta":{"_lmt_disableupdate":"","_lmt_disable":"","_jetpack_memberships_contains_paid_content":false,"footnotes":""},"categories":[109,46],"tags":[939],"class_list":["post-78603","post","type-post","status-publish","format-standard","has-post-thumbnail","hentry","category-minuto-a-minuto","category-zona-blanca","tag-salomon-jara-cruz"],"jetpack_featured_media_url":"https:\/\/zonaroja.com.mx\/wp-content\/uploads\/2025\/03\/Encuesta-Salomon-Jara.jpeg.webp","jetpack_sharing_enabled":true,"_links":{"self":[{"href":"https:\/\/zonaroja.com.mx\/index.php?rest_route=\/wp\/v2\/posts\/78603","targetHints":{"allow":["GET"]}}],"collection":[{"href":"https:\/\/zonaroja.com.mx\/index.php?rest_route=\/wp\/v2\/posts"}],"about":[{"href":"https:\/\/zonaroja.com.mx\/index.php?rest_route=\/wp\/v2\/types\/post"}],"author":[{"embeddable":true,"href":"https:\/\/zonaroja.com.mx\/index.php?rest_route=\/wp\/v2\/users\/2"}],"replies":[{"embeddable":true,"href":"https:\/\/zonaroja.com.mx\/index.php?rest_route=%2Fwp%2Fv2%2Fcomments&post=78603"}],"version-history":[{"count":1,"href":"https:\/\/zonaroja.com.mx\/index.php?rest_route=\/wp\/v2\/posts\/78603\/revisions"}],"predecessor-version":[{"id":78605,"href":"https:\/\/zonaroja.com.mx\/index.php?rest_route=\/wp\/v2\/posts\/78603\/revisions\/78605"}],"wp:featuredmedia":[{"embeddable":true,"href":"https:\/\/zonaroja.com.mx\/index.php?rest_route=\/wp\/v2\/media\/78604"}],"wp:attachment":[{"href":"https:\/\/zonaroja.com.mx\/index.php?rest_route=%2Fwp%2Fv2%2Fmedia&parent=78603"}],"wp:term":[{"taxonomy":"category","embeddable":true,"href":"https:\/\/zonaroja.com.mx\/index.php?rest_route=%2Fwp%2Fv2%2Fcategories&post=78603"},{"taxonomy":"post_tag","embeddable":true,"href":"https:\/\/zonaroja.com.mx\/index.php?rest_route=%2Fwp%2Fv2%2Ftags&post=78603"}],"curies":[{"name":"wp","href":"https:\/\/api.w.org\/{rel}","templated":true}]}}