{"id":78606,"date":"2025-03-20T17:53:00","date_gmt":"2025-03-20T23:53:00","guid":{"rendered":"https:\/\/zonaroja.com.mx\/?p=78606"},"modified":"2025-03-20T17:10:06","modified_gmt":"2025-03-20T23:10:06","slug":"habitantes-de-santiago-textitlan-amagan-con-protestar-en-vista-de-sheinbaum","status":"publish","type":"post","link":"https:\/\/zonaroja.com.mx\/?p=78606","title":{"rendered":"Habitantes de Santiago Textitl\u00e1n amagan con protestar en vista de Sheinbaum"},"content":{"rendered":"\n<p>Raymundo Morales\/Zona Roja.<\/p>\n\n\n\n<p>Oaxaca de Ju\u00e1rez, Oax., a 20 de mayo de 205.- Autoridades auxiliares y pobladores de las agencias R\u00edo Humo, Recibimiento de Cuauht\u00e9moc y Lachixao, amagaron con protestar durante la visita de la Presidenta Claudia Sheinbaum a Oaxaca, en caso de no recibir recursos presupuestales.<\/p>\n\n\n\n<p>Anteayer se manifestaron con violencia en el complejo gubernamental Ciudad Administrativa, Tlalixtac de Cabrera, donde con palos y piedras atacaron a los trabajadores bur\u00f3cratas, sin que intervinieran las corporaciones policiacas.<\/p>\n\n\n\n<p>Y este jueves llegaron a temprana hora al z\u00f3calo de la capital, para exigir una audiencia con autoridades del Gobierno del Estado, con la finalidad de que interceda ante al ayuntamiento.<\/p>\n\n\n\n<p>Acusaron que el presidente municipal de Santiago Textitl\u00e1n, en la regi\u00f3n Sierra Sur, Galdino V\u00e1squez Ram\u00edrez, se ha quedado con los recursos del pueblo y no ha entregado a las agencias lo correspondiente a los ramos 28 y 33.<\/p>\n\n\n\n<p>Adem\u00e1s, se\u00f1alaron un desfalco en las arcas municipales, con apoyo de Luc\u00eda Cort\u00e9s, asesora del municipio, \u201cquien jinetea los recursos\u201d.<\/p>\n\n\n\n<p>\u201cResponsabilizamos al presidente municipal y sus asesores contables por las agresiones f\u00edsicas que desde el d\u00eda martes 18 de marzo hemos sufrido los habitantes de estas tres comunidades indigenas, as\u00ed como lo han hecho personal de los bur\u00f3cratas y porros del Estado\u201d, se\u00f1alaron, en referencia a los hechos ocurridos en Ciudad Administrativa.<\/p>\n\n\n\n<p>Los manifestantes continuaban hasta esta tarde en el exterior del Palacio de Gobierno, en espera de una audiencia por parte de las autoridades estatales de la Secretar\u00eda de Gobierno.<\/p>\n","protected":false},"excerpt":{"rendered":"<p>Raymundo Morales\/Zona Roja. Oaxaca de Ju\u00e1rez, Oax., a 20 de mayo de 205.- Autoridades auxiliares&hellip;<\/p>\n","protected":false},"author":2,"featured_media":78607,"comment_status":"closed","ping_status":"open","sticky":false,"template":"","format":"standard","meta":{"_lmt_disableupdate":"","_lmt_disable":"","_jetpack_memberships_contains_paid_content":false,"footnotes":""},"categories":[109,46],"tags":[1980],"class_list":["post-78606","post","type-post","status-publish","format-standard","has-post-thumbnail","hentry","category-minuto-a-minuto","category-zona-blanca","tag-santiago-textitlan"],"jetpack_featured_media_url":"https:\/\/zonaroja.com.mx\/wp-content\/uploads\/2025\/03\/Agencias-Santiago-Textitlan.jpg","jetpack_sharing_enabled":true,"_links":{"self":[{"href":"https:\/\/zonaroja.com.mx\/index.php?rest_route=\/wp\/v2\/posts\/78606","targetHints":{"allow":["GET"]}}],"collection":[{"href":"https:\/\/zonaroja.com.mx\/index.php?rest_route=\/wp\/v2\/posts"}],"about":[{"href":"https:\/\/zonaroja.com.mx\/index.php?rest_route=\/wp\/v2\/types\/post"}],"author":[{"embeddable":true,"href":"https:\/\/zonaroja.com.mx\/index.php?rest_route=\/wp\/v2\/users\/2"}],"replies":[{"embeddable":true,"href":"https:\/\/zonaroja.com.mx\/index.php?rest_route=%2Fwp%2Fv2%2Fcomments&post=78606"}],"version-history":[{"count":1,"href":"https:\/\/zonaroja.com.mx\/index.php?rest_route=\/wp\/v2\/posts\/78606\/revisions"}],"predecessor-version":[{"id":78608,"href":"https:\/\/zonaroja.com.mx\/index.php?rest_route=\/wp\/v2\/posts\/78606\/revisions\/78608"}],"wp:featuredmedia":[{"embeddable":true,"href":"https:\/\/zonaroja.com.mx\/index.php?rest_route=\/wp\/v2\/media\/78607"}],"wp:attachment":[{"href":"https:\/\/zonaroja.com.mx\/index.php?rest_route=%2Fwp%2Fv2%2Fmedia&parent=78606"}],"wp:term":[{"taxonomy":"category","embeddable":true,"href":"https:\/\/zonaroja.com.mx\/index.php?rest_route=%2Fwp%2Fv2%2Fcategories&post=78606"},{"taxonomy":"post_tag","embeddable":true,"href":"https:\/\/zonaroja.com.mx\/index.php?rest_route=%2Fwp%2Fv2%2Ftags&post=78606"}],"curies":[{"name":"wp","href":"https:\/\/api.w.org\/{rel}","templated":true}]}}