{"id":78612,"date":"2025-03-21T07:15:00","date_gmt":"2025-03-21T13:15:00","guid":{"rendered":"https:\/\/zonaroja.com.mx\/?p=78612"},"modified":"2025-03-21T06:40:40","modified_gmt":"2025-03-21T12:40:40","slug":"cinco-personas-asesinadas-saldo-del-jueves-en-oaxaca","status":"publish","type":"post","link":"https:\/\/zonaroja.com.mx\/?p=78612","title":{"rendered":"Cinco personas asesinadas, saldo del jueves en Oaxaca"},"content":{"rendered":"\n<p>Raymundo Morales\/Zona Roja.<\/p>\n\n\n\n<p>Oaxaca de Ju\u00e1rez, Oax., a 21 de marzo de 2025.- Una persona del sexo masculino fue ejecutada anoche a balazos en el exterior de una tienda de conveniencia del municipio de Salina Cruz.<\/p>\n\n\n\n<p>Con este caso, suman cinco personas asesinadas durante el transcurso de ayer jueves, dos en la regi\u00f3n del Istmo, dos en Valles Centrales y una en la Costa.<\/p>\n\n\n\n<p>En el exterior de la tienda Oxxo ubicada a un costado de la gasoliner\u00eda \u201cDos Oc\u00e9anos\u201d de la ciudad salinacrucense, sujetos desconocidos acribillaron a un individuo que se encontraba en el interior de su veh\u00edculo marca Ford, tipo Ikon, con placas THN-927B.<\/p>\n\n\n\n<p>La v\u00edctima fue identificada posteriormente como Uribe T. V., de unos 41 a\u00f1os de edad, quien tuvo su domicilio en el municipio vecino de Santo Domingo Tehuantepec.<\/p>\n\n\n\n<p>PERSECUSI\u00d3N&nbsp;<\/p>\n\n\n\n<p>Previo a ello, en el municipio de Juchit\u00e1n de Zaragoza se registr\u00f3 una persecuci\u00f3n y enfrentamiento a balazos, que culmin\u00f3 con una persona lesionada y un veh\u00edculo accidentado.<\/p>\n\n\n\n<p>Integrantes de un grupo armado persiguieron a ocupantes de un coche de la marca Mercedes Benz, sobre la carretera Juchit\u00e1n-La Ventosa; en la huida, la unidad cay\u00f3 en un canal de riego, mientras que los tres ocupantes se refugiaron en la Universidad del Istmo.<\/p>\n\n\n\n<p>El saldo fue de una persona lesionada de bala, que a\u00fan no ha sido identificada, como tampoco se saben los motivos de la agresi\u00f3n.<\/p>\n\n\n\n<p>M\u00c1S CR\u00cdMENES<\/p>\n\n\n\n<p>Por otra parte, fuentes de seguridad p\u00fablica precisaron que la persona ejecutada ayer cerca del acceso a la supercarretera Tehuantepec-Oaxaca, fue en jurisdicci\u00f3n de Santa Mar\u00eda Mixtequilla, regi\u00f3n del Istmo.<\/p>\n\n\n\n<p>El cuerpo fue localizado a un costado de la vialidad en el paraje \u201cEl Aserradero\u201d, junto a una motocicleta y presenta varios impactos de arma de fuego; se desconoce hasta el momento su identidad.<\/p>\n\n\n\n<p>Como se inform\u00f3 previamente, Alicia A. y Santos C. A. fueron ultimados ayer en el interior de la unidad de motor con placas RR-8827-B del estado de Oaxaca, en la localidad de Taniche, municipio de Ejutla de Crespo.<\/p>\n\n\n\n<p>Mientras que en Santo Domingo de Morelos, fue ultimado a balazos un mototaxista cuando transitaba con su unidad de motor en un camino de terracer\u00eda.<\/p>\n","protected":false},"excerpt":{"rendered":"<p>Raymundo Morales\/Zona Roja. Oaxaca de Ju\u00e1rez, Oax., a 21 de marzo de 2025.- Una persona&hellip;<\/p>\n","protected":false},"author":2,"featured_media":78613,"comment_status":"closed","ping_status":"open","sticky":false,"template":"","format":"standard","meta":{"_lmt_disableupdate":"","_lmt_disable":"","_jetpack_memberships_contains_paid_content":false,"footnotes":""},"categories":[109,51],"tags":[4053],"class_list":["post-78612","post","type-post","status-publish","format-standard","has-post-thumbnail","hentry","category-minuto-a-minuto","category-zona-roja","tag-asesinato-salina-cruz"],"jetpack_featured_media_url":"https:\/\/zonaroja.com.mx\/wp-content\/uploads\/2025\/03\/Ejecutado-Salina-Cruz.jpg","jetpack_sharing_enabled":true,"_links":{"self":[{"href":"https:\/\/zonaroja.com.mx\/index.php?rest_route=\/wp\/v2\/posts\/78612","targetHints":{"allow":["GET"]}}],"collection":[{"href":"https:\/\/zonaroja.com.mx\/index.php?rest_route=\/wp\/v2\/posts"}],"about":[{"href":"https:\/\/zonaroja.com.mx\/index.php?rest_route=\/wp\/v2\/types\/post"}],"author":[{"embeddable":true,"href":"https:\/\/zonaroja.com.mx\/index.php?rest_route=\/wp\/v2\/users\/2"}],"replies":[{"embeddable":true,"href":"https:\/\/zonaroja.com.mx\/index.php?rest_route=%2Fwp%2Fv2%2Fcomments&post=78612"}],"version-history":[{"count":1,"href":"https:\/\/zonaroja.com.mx\/index.php?rest_route=\/wp\/v2\/posts\/78612\/revisions"}],"predecessor-version":[{"id":78614,"href":"https:\/\/zonaroja.com.mx\/index.php?rest_route=\/wp\/v2\/posts\/78612\/revisions\/78614"}],"wp:featuredmedia":[{"embeddable":true,"href":"https:\/\/zonaroja.com.mx\/index.php?rest_route=\/wp\/v2\/media\/78613"}],"wp:attachment":[{"href":"https:\/\/zonaroja.com.mx\/index.php?rest_route=%2Fwp%2Fv2%2Fmedia&parent=78612"}],"wp:term":[{"taxonomy":"category","embeddable":true,"href":"https:\/\/zonaroja.com.mx\/index.php?rest_route=%2Fwp%2Fv2%2Fcategories&post=78612"},{"taxonomy":"post_tag","embeddable":true,"href":"https:\/\/zonaroja.com.mx\/index.php?rest_route=%2Fwp%2Fv2%2Ftags&post=78612"}],"curies":[{"name":"wp","href":"https:\/\/api.w.org\/{rel}","templated":true}]}}