{"id":78615,"date":"2025-03-21T08:15:00","date_gmt":"2025-03-21T14:15:00","guid":{"rendered":"https:\/\/zonaroja.com.mx\/?p=78615"},"modified":"2025-03-21T07:07:06","modified_gmt":"2025-03-21T13:07:06","slug":"un-circo-visita-a-rancho-izaguirre-en-jalisco-madres-buscadoras","status":"publish","type":"post","link":"https:\/\/zonaroja.com.mx\/?p=78615","title":{"rendered":"\u201cUn circo\u201d, visita a rancho \u201cIzaguirre\u201d en Jalisco: madres buscadoras"},"content":{"rendered":"\n<p>Redacci\u00f3n\/Zona Roja Cdmx.<\/p>\n\n\n\n<p>Ciudad de M\u00e9xico, a 21 de marzo de 2025.- Colectivos de b\u00fasqueda denunciaron este jueves como una \u201csimulaci\u00f3n\u201d su visita al rancho presuntamente usado por narcotraficantes para desaparecer a personas en el municipio de Teuchitl\u00e1n, Jalisco, al criticar que en el predio \u201cno hay indicios\u201d y que solo los llevaron \u201ca un circo\u201d.<\/p>\n\n\n\n<p>Los colectivos asistieron al llamado de las autoridades de Jalisco para visitar el predio, que se ubica a poco m\u00e1s de una hora de la ciudad de Guadalajara,&nbsp;para atestiguar las investigaciones del caso que ha causado indignaci\u00f3n en el pa\u00eds.<\/p>\n\n\n\n<p>\u201cNo encontr\u00e9 nada. Esto es un circo, una payasada, no s\u00e9 qu\u00e9 es lo que quieran hacer, pero no hay absolutamente nada de lo que intent\u00e1bamos encontrar. Esto seg\u00fan est\u00e1 acordonado, pero est\u00e1 limpio, hasta el piso est\u00e1 limpio, no hay ni hojas tiradas, se nota que barrieron\u201d, expreso una de las madres buscadoras, quien prefiri\u00f3 el anonimato.<\/p>\n\n\n\n<p>Las puertas del llamado rancho \u201cIzaguirre\u201d fueron abiertas a medios de comunicaci\u00f3n y colectivos, pero el recorrido solo se limit\u00f3 a determinadas zonas y no se permitieron preguntas a los peritos que trabajan en el lugar, se\u00f1alaron los familiares.<\/p>\n\n\n\n<p>\u201cSe nota que hicieron su buen trabajo para traernos aqu\u00ed (para simular) no s\u00e9 para qu\u00e9. Entramos 10 o 15 minutos y vas como a un \u2018tour\u2019 porque est\u00e1s todo acordonado y tienes que dar seguir en los espacios que ellos te tienen asignados y no hay absolutamente nada\u201d, a\u00f1adi\u00f3.<\/p>\n\n\n\n<p>Tras un tiempo de espera, familiares de desaparecidos rompieron el protocolo para poder ingresar en un n\u00famero mayor al predio, pero salieron molestos y desesperanzados ya que denunciaron que todo fue acomodado, no hay indicios y el lugar est\u00e1 totalmente cambiado.<\/p>\n\n\n\n<p>Hace dos semanas, el colectivo Guerreros Buscadores de Jalisco denunci\u00f3 haber encontrado un \u201ccampo de concentraci\u00f3n de reclutamiento\u201d del crimen organizado.<\/p>\n\n\n\n<p>En su b\u00fasqueda encontraron ropa, as\u00ed como 400 pares de zapatos y cientos de objetos personales, donde aseguraron que la Guardia Nacional encontr\u00f3 en septiembre pasado un centro de entrenamiento forzado del C\u00e1rtel Jalisco Nueva Generaci\u00f3n (CJNG), que Estados Unidos ha catalogado como una asociaci\u00f3n terrorista.<\/p>\n\n\n\n<p>Para Mar\u00eda V\u00e1zquez la visita al rancho fue improductiva y dolorosa.<\/p>\n\n\n\n<p>&nbsp;\u201cVenimos a ver evidencias, a ver si hab\u00eda prendas y ya no hay nada. Me dicen que los indicios ya est\u00e1n en unas fotos, pero yo en una foto no puedo observar igual como verlo en f\u00edsico. Mi hijo va a cumplir tres a\u00f1os de desaparecido\u201d, se\u00f1al\u00f3.<\/p>\n\n\n\n<p>V\u00e1zquez relat\u00f3 que desde su desaparici\u00f3n pr\u00e1cticamente lo busca \u201csola\u201d.<\/p>\n\n\n\n<p>\u201cYa me dieron el \u2018tour\u2019 porque te traen a eso, a darte la vuelta porque ya no hay nada. \u00bfQu\u00e9 quieren que vea? Si todo est\u00e1 acordonado, est\u00e1 tapado, nos trajeron a turistear y de verdad para nosotros, o al menos para m\u00ed, esto es una burla\u201d, expuso.<\/p>\n\n\n\n<p>(Informaci\u00f3n de la agencia Efe en L\u00f3pez-D\u00f3riga Digital)<\/p>\n","protected":false},"excerpt":{"rendered":"<p>Redacci\u00f3n\/Zona Roja Cdmx. Ciudad de M\u00e9xico, a 21 de marzo de 2025.- Colectivos de b\u00fasqueda&hellip;<\/p>\n","protected":false},"author":2,"featured_media":78617,"comment_status":"closed","ping_status":"open","sticky":false,"template":"","format":"standard","meta":{"_lmt_disableupdate":"","_lmt_disable":"","_jetpack_memberships_contains_paid_content":false,"footnotes":""},"categories":[109,47],"tags":[4253],"class_list":["post-78615","post","type-post","status-publish","format-standard","has-post-thumbnail","hentry","category-minuto-a-minuto","category-zona-gris","tag-rancho-izaguirre"],"jetpack_featured_media_url":"https:\/\/zonaroja.com.mx\/wp-content\/uploads\/2025\/03\/Rancho-Izaguirre-Jalisco-1.png.jpeg","jetpack_sharing_enabled":true,"_links":{"self":[{"href":"https:\/\/zonaroja.com.mx\/index.php?rest_route=\/wp\/v2\/posts\/78615","targetHints":{"allow":["GET"]}}],"collection":[{"href":"https:\/\/zonaroja.com.mx\/index.php?rest_route=\/wp\/v2\/posts"}],"about":[{"href":"https:\/\/zonaroja.com.mx\/index.php?rest_route=\/wp\/v2\/types\/post"}],"author":[{"embeddable":true,"href":"https:\/\/zonaroja.com.mx\/index.php?rest_route=\/wp\/v2\/users\/2"}],"replies":[{"embeddable":true,"href":"https:\/\/zonaroja.com.mx\/index.php?rest_route=%2Fwp%2Fv2%2Fcomments&post=78615"}],"version-history":[{"count":1,"href":"https:\/\/zonaroja.com.mx\/index.php?rest_route=\/wp\/v2\/posts\/78615\/revisions"}],"predecessor-version":[{"id":78618,"href":"https:\/\/zonaroja.com.mx\/index.php?rest_route=\/wp\/v2\/posts\/78615\/revisions\/78618"}],"wp:featuredmedia":[{"embeddable":true,"href":"https:\/\/zonaroja.com.mx\/index.php?rest_route=\/wp\/v2\/media\/78617"}],"wp:attachment":[{"href":"https:\/\/zonaroja.com.mx\/index.php?rest_route=%2Fwp%2Fv2%2Fmedia&parent=78615"}],"wp:term":[{"taxonomy":"category","embeddable":true,"href":"https:\/\/zonaroja.com.mx\/index.php?rest_route=%2Fwp%2Fv2%2Fcategories&post=78615"},{"taxonomy":"post_tag","embeddable":true,"href":"https:\/\/zonaroja.com.mx\/index.php?rest_route=%2Fwp%2Fv2%2Ftags&post=78615"}],"curies":[{"name":"wp","href":"https:\/\/api.w.org\/{rel}","templated":true}]}}