{"id":7862,"date":"2020-01-20T16:09:10","date_gmt":"2020-01-20T22:09:10","guid":{"rendered":"http:\/\/www.zonaroja.com.mx\/?p=7862"},"modified":"2020-01-20T16:09:29","modified_gmt":"2020-01-20T22:09:29","slug":"en-oaxaca-asesinaron-a-cuatro-personas-al-dia-en-este-fin-de-semana","status":"publish","type":"post","link":"https:\/\/zonaroja.com.mx\/?p=7862","title":{"rendered":"En Oaxaca asesinaron a cuatro personas al d\u00eda en este fin de semana"},"content":{"rendered":"\n<p>Yuridiana Sosa\/Zona Roja.<\/p>\n\n\n\n<p>Oaxaca de Ju\u00e1rez, Oax., 20 de enero de\n2020.- En los \u00faltimos tres d\u00edas la entidad oaxaque\u00f1a, vivi\u00f3 una ola de\nviolencia que dej\u00f3 como saldo la muerte de al menos 13 personas, reportaron\ncifras oficiales de la Secretar\u00eda de Seguridad y Protecci\u00f3n Ciudadana.<\/p>\n\n\n\n<p>De acuerdo con las estad\u00edsticas, Oaxaca\nse coloc\u00f3 entre los seis estados donde se cometieron m\u00e1s cr\u00edmenes durante los\npasados 17, 18 y 19 de enero, fechas que coinciden con la visita del Presidente\nAndr\u00e9s Manuel L\u00f3pez Obrador a la entidad.<\/p>\n\n\n\n<p>El estado representa cerca del seis por\nciento de los 216 homicidios dolosos cometidos en el transcurso de tres d\u00edas. <\/p>\n\n\n\n<p>Tan s\u00f3lo durante el 17 de enero, se\nregistr\u00f3 el deceso violento de cinco personas en territorio oaxaque\u00f1o, lo que\nlo coloc\u00f3 en la quinta entidad m\u00e1s violenta del viernes, con un total nacional\nde 75 muertos.<\/p>\n\n\n\n<p>Durante el s\u00e1bado, se cometieron cinco\nhomicidios dolosos en Oaxaca, ocupando el sexto lugar, s\u00f3lo por arriba de\nPuebla con seis muertos, Estado de M\u00e9xico y Michoac\u00e1n con ocho y Baja\nCalifornia y Guanajuato con 10 homicidios, de un total de 77.<\/p>\n\n\n\n<p>La cifra m\u00e1s baja a nivel nacional se\nregistr\u00f3 este domingo con 64 defunciones de manera violento en el pa\u00eds, de las\ncuales en Oaxaca se efectuaron tres. En contraste, el primer lugar lo ocup\u00f3\nGuanajuato con 19 muertes, en Estado de M\u00e9xico y Michoac\u00e1n, siete; Baja\nCalifornia, cinco y Colima cuatro.<\/p>\n","protected":false},"excerpt":{"rendered":"<p>Yuridiana Sosa\/Zona Roja. Oaxaca de Ju\u00e1rez, Oax., 20 de enero de 2020.- En los \u00faltimos&hellip;<\/p>\n","protected":false},"author":2,"featured_media":7486,"comment_status":"closed","ping_status":"open","sticky":false,"template":"","format":"standard","meta":{"_lmt_disableupdate":"","_lmt_disable":"","_jetpack_memberships_contains_paid_content":false,"footnotes":""},"categories":[109,51],"tags":[1304],"class_list":["post-7862","post","type-post","status-publish","format-standard","has-post-thumbnail","hentry","category-minuto-a-minuto","category-zona-roja","tag-secretetaria-de-seguridad-y-proteccion-ciudadana"],"jetpack_featured_media_url":"https:\/\/zonaroja.com.mx\/wp-content\/uploads\/2020\/01\/Escena-del-crimen7.jpg","jetpack_sharing_enabled":true,"_links":{"self":[{"href":"https:\/\/zonaroja.com.mx\/index.php?rest_route=\/wp\/v2\/posts\/7862","targetHints":{"allow":["GET"]}}],"collection":[{"href":"https:\/\/zonaroja.com.mx\/index.php?rest_route=\/wp\/v2\/posts"}],"about":[{"href":"https:\/\/zonaroja.com.mx\/index.php?rest_route=\/wp\/v2\/types\/post"}],"author":[{"embeddable":true,"href":"https:\/\/zonaroja.com.mx\/index.php?rest_route=\/wp\/v2\/users\/2"}],"replies":[{"embeddable":true,"href":"https:\/\/zonaroja.com.mx\/index.php?rest_route=%2Fwp%2Fv2%2Fcomments&post=7862"}],"version-history":[{"count":1,"href":"https:\/\/zonaroja.com.mx\/index.php?rest_route=\/wp\/v2\/posts\/7862\/revisions"}],"predecessor-version":[{"id":7863,"href":"https:\/\/zonaroja.com.mx\/index.php?rest_route=\/wp\/v2\/posts\/7862\/revisions\/7863"}],"wp:featuredmedia":[{"embeddable":true,"href":"https:\/\/zonaroja.com.mx\/index.php?rest_route=\/wp\/v2\/media\/7486"}],"wp:attachment":[{"href":"https:\/\/zonaroja.com.mx\/index.php?rest_route=%2Fwp%2Fv2%2Fmedia&parent=7862"}],"wp:term":[{"taxonomy":"category","embeddable":true,"href":"https:\/\/zonaroja.com.mx\/index.php?rest_route=%2Fwp%2Fv2%2Fcategories&post=7862"},{"taxonomy":"post_tag","embeddable":true,"href":"https:\/\/zonaroja.com.mx\/index.php?rest_route=%2Fwp%2Fv2%2Ftags&post=7862"}],"curies":[{"name":"wp","href":"https:\/\/api.w.org\/{rel}","templated":true}]}}