{"id":78634,"date":"2025-03-21T14:43:00","date_gmt":"2025-03-21T20:43:00","guid":{"rendered":"https:\/\/zonaroja.com.mx\/?p=78634"},"modified":"2025-03-21T08:49:34","modified_gmt":"2025-03-21T14:49:34","slug":"opinion-desaire-en-el-corazon-de-la-patria","status":"publish","type":"post","link":"https:\/\/zonaroja.com.mx\/?p=78634","title":{"rendered":"Opini\u00f3n. Desaire, en el \u2018coraz\u00f3n de la patria\u2019"},"content":{"rendered":"\n<p>Adri\u00e1n Ortiz Romero Cuevas*<\/p>\n\n\n\n<p>Aunque vivimos en una sociedad de iguales \u2014es decir, una rep\u00fablica, en la que todos somos ciudadanos, y en donde no son usados ni reconocidos los t\u00edtulos nobiliarios\u2014, los elementos sacramentales civiles est\u00e1n, y han estado siempre presentes. Lo constatamos en la sociedad; tambi\u00e9n en el mundo de las artes y del espect\u00e1culo. Y qu\u00e9 decir del \u00e1mbito de la pol\u00edtica. Lo sacramental no es obligatorio, pero constituye un conjunto de tradiciones y valores entendidos que, cuando se quebrantan, ponen en serias dudas el andamiaje que protegen. Se diga lo que se diga, esto fue lo que pas\u00f3 el domingo nueve de marzo en el z\u00f3calo de la Ciudad de M\u00e9xico.<\/p>\n\n\n\n<p>El hecho fue aparentemente simple: un grupo de pol\u00edticos de la m\u00e1s elevada envergadura de Cuarta Transformaci\u00f3n tuvo una aparente distracci\u00f3n permitiendo que la Presidenta de la Rep\u00fablica pasara detr\u00e1s de ellos, mientras posaban para una \u2018selfie\u2019 con el hijo de un expresidente.&nbsp;<\/p>\n\n\n\n<p>Algunos de los involucrados ofrecieron disculpas; otros \u2014Ricardo Monreal\u2014 lo hicieron y luego las eliminaron de sus redes sociales. Unos m\u00e1s simplemente dejaron pasar el hecho. La propia presidenta Sheinbaum lo minimiz\u00f3. Sin embargo, lo sacramental no lo inventaron ellos. Y lo sacramental tampoco fue desterrado con la llegada de la 4T al gobierno de la rep\u00fablica. M\u00e1s bien, siempre ha estado ah\u00ed, y siempre estar\u00e1 como parte de los s\u00edmbolos del poder. Y no s\u00f3lo en la pol\u00edtica.&nbsp;<\/p>\n\n\n\n<p>Recordemos, pues, lo importante que es la atenci\u00f3n para la vida de las personas, y para las demostraciones del poder a lo largo de la historia. En la Biblia, en el libro de Mateo, se relata un pasaje que luego fue incluido en la celebraci\u00f3n de la misa cat\u00f3lica, que dice: \u201cSe\u00f1or, yo no soy digno de que entres en mi casa. Pero una palabra tuya bastar\u00e1 para sanarme\u201d.&nbsp;<\/p>\n\n\n\n<p>Otro ejemplo: a lo largo de toda la historia de las monarqu\u00edas europeas de la edad media, del renacimiento y de la alta modernidad, era un principio de respeto inquebrantable \u2014y penado, a veces hasta con la muerte\u2014 al s\u00fabdito que se atreviera a mirar a los ojos al Monarca o, peor a\u00fan, que le diera la espalda. Perder la atenci\u00f3n ante el gobernante, pues, o proferirle abiertamente el desprecio, equival\u00eda a importantes penas, incluida la muerte.<\/p>\n\n\n\n<p>Uno m\u00e1s: en los libros de derecho romano que muchos estudiamos en la universidad, se inclu\u00eda la historia de Juno Bruto, el fundador de la Rep\u00fablica romana. Seg\u00fan el relato, reci\u00e9n fundada la Rep\u00fablica, un esclavo denunci\u00f3 a unos traidores que pretend\u00edan restaurar la monarqu\u00eda de Tarquino el Soberbio. Bruto mand\u00f3 a ejecutar a los conspiradores, y al esclavo le concedi\u00f3 la libertad y lo convirti\u00f3 en ciudadano, al tocarlo con la \u2018vindicta\u2019, una especie de vara utilizada en la antigua \u2018legis actio sacramentum in rem\u2019 para reivindicar la propiedad. Este es un ejemplo m\u00e1s de c\u00f3mo para el ejercicio del poder, la atenci\u00f3n es un elemento esencial.&nbsp;<\/p>\n\n\n\n<p>Incluso, en el mundo de las artes o de la m\u00fasica, el respeto a esas reglas es irrestricto. Michael Jackson siempre estableci\u00f3 que en el escenario, sus m\u00fasicos y bailarines deb\u00edan estar por lo menos estar dos pasos por detr\u00e1s de \u00e9l. S\u00f3lo a sus hermanos, los Jackson 5, les permit\u00eda estar a la par de \u00e9l.<\/p>\n\n\n\n<p>As\u00ed pues, aunque todos digan que es un hecho menor, en el mundo de los simbolismos y del respeto a la figura del Elemento Alfa \u2014que, al margen del cambio en las formas, siempre ha existido\u2014 esto no podr\u00eda, ni ser\u00e1, pasado por desapercibido porque no es el desd\u00e9n o el descuido frente a una persona, sino la puesta en entredicho del mayor s\u00edmbolo del poder pol\u00edtico en la naci\u00f3n.<\/p>\n\n\n\n<p>*Abogado y periodista.<\/p>\n\n\n\n<p>@ortizromeroc<\/p>\n\n\n\n<p>@columnaalmargen<\/p>\n\n\n\n<p>Nos leemos en: http:\/\/columnaalmargen.mx<\/p>\n","protected":false},"excerpt":{"rendered":"<p>Adri\u00e1n Ortiz Romero Cuevas* Aunque vivimos en una sociedad de iguales \u2014es decir, una rep\u00fablica,&hellip;<\/p>\n","protected":false},"author":2,"featured_media":67896,"comment_status":"closed","ping_status":"open","sticky":false,"template":"","format":"standard","meta":{"_lmt_disableupdate":"","_lmt_disable":"","_jetpack_memberships_contains_paid_content":false,"footnotes":""},"categories":[456,109],"tags":[2994],"class_list":["post-78634","post","type-post","status-publish","format-standard","has-post-thumbnail","hentry","category-columna","category-minuto-a-minuto","tag-adrian-ortiz-romero-cuevas"],"jetpack_featured_media_url":"https:\/\/zonaroja.com.mx\/wp-content\/uploads\/2024\/05\/Opinion-Adrian-Ortiz-Romero-Zona-Roja.jpeg","jetpack_sharing_enabled":true,"_links":{"self":[{"href":"https:\/\/zonaroja.com.mx\/index.php?rest_route=\/wp\/v2\/posts\/78634","targetHints":{"allow":["GET"]}}],"collection":[{"href":"https:\/\/zonaroja.com.mx\/index.php?rest_route=\/wp\/v2\/posts"}],"about":[{"href":"https:\/\/zonaroja.com.mx\/index.php?rest_route=\/wp\/v2\/types\/post"}],"author":[{"embeddable":true,"href":"https:\/\/zonaroja.com.mx\/index.php?rest_route=\/wp\/v2\/users\/2"}],"replies":[{"embeddable":true,"href":"https:\/\/zonaroja.com.mx\/index.php?rest_route=%2Fwp%2Fv2%2Fcomments&post=78634"}],"version-history":[{"count":1,"href":"https:\/\/zonaroja.com.mx\/index.php?rest_route=\/wp\/v2\/posts\/78634\/revisions"}],"predecessor-version":[{"id":78635,"href":"https:\/\/zonaroja.com.mx\/index.php?rest_route=\/wp\/v2\/posts\/78634\/revisions\/78635"}],"wp:featuredmedia":[{"embeddable":true,"href":"https:\/\/zonaroja.com.mx\/index.php?rest_route=\/wp\/v2\/media\/67896"}],"wp:attachment":[{"href":"https:\/\/zonaroja.com.mx\/index.php?rest_route=%2Fwp%2Fv2%2Fmedia&parent=78634"}],"wp:term":[{"taxonomy":"category","embeddable":true,"href":"https:\/\/zonaroja.com.mx\/index.php?rest_route=%2Fwp%2Fv2%2Fcategories&post=78634"},{"taxonomy":"post_tag","embeddable":true,"href":"https:\/\/zonaroja.com.mx\/index.php?rest_route=%2Fwp%2Fv2%2Ftags&post=78634"}],"curies":[{"name":"wp","href":"https:\/\/api.w.org\/{rel}","templated":true}]}}