{"id":78639,"date":"2025-03-21T20:36:42","date_gmt":"2025-03-22T02:36:42","guid":{"rendered":"https:\/\/zonaroja.com.mx\/?p=78639"},"modified":"2025-03-21T20:36:44","modified_gmt":"2025-03-22T02:36:44","slug":"caso-jovenes-de-tlaxcala-confirma-la-fiscalia-dos-elementos-detenidos","status":"publish","type":"post","link":"https:\/\/zonaroja.com.mx\/?p=78639","title":{"rendered":"Caso j\u00f3venes de Tlaxcala: confirma la Fiscal\u00eda dos elementos detenidos"},"content":{"rendered":"\n<p>Ismael Garc\u00eda M.\/Zona Roja.&nbsp;<\/p>\n\n\n\n<p>Oaxaca de Ju\u00e1rez, Oax., a 21 de marzo de 2025.- La Fiscal\u00eda General del Estado de Oaxaca (FGEO) confirm\u00f3 hoy la detenci\u00f3n de dos funcionarios de esa instituci\u00f3n, que podr\u00edan estar relacionados con la desaparici\u00f3n y posterior muerte de j\u00f3venes de Tlaxcala en Huatulco.<\/p>\n\n\n\n<p>Sin embargo, de acuerdo con datos del Registro Nacional de Detenciones, de la Secretar\u00eda de Seguridad y Protecci\u00f3n Ciudadana federal, son tres aprehensiones efectuadas ayer.<\/p>\n\n\n\n<p>Seg\u00fan los datos que difundi\u00f3 el periodista Tom\u00e1s Mart\u00ednez, se trata del comandante Miguel A. C. G., el elemento \u00d3scar A. G. V. y Ministerio P\u00fablico de la Fiscal\u00eda de Alto Impacto, Andr\u00e9s M. O., comisionados en Huatulco.<\/p>\n\n\n\n<p>En un comunicado, la Fiscal\u00eda General inform\u00f3 que la detenci\u00f3n de dos personas es \u201cderivado de los resultados por la investigaci\u00f3n de diferentes hechos delictivos ocurridos en la regi\u00f3n de la Costa\u201d.<\/p>\n\n\n\n<p>Indic\u00f3 que las dos personas del sexo masculino detenidas son trabajadores -de diferentes \u00e1reas- dentro de la instituci\u00f3n encargada de la procuraci\u00f3n de justicia, quienes desempe\u00f1aban labores en esa regi\u00f3n de la entidad.<\/p>\n\n\n\n<p>\u201cEstas acciones forman parte de los procesos de procuraci\u00f3n de justicia e investigaci\u00f3n ministerial por hechos delictivos relacionados con la desaparici\u00f3n de personas en la regi\u00f3n de la Costa, indagatorias que siguen en curso\u201d, expuso.<\/p>\n\n\n\n<p>A\u00f1adi\u00f3 que la Fiscal\u00eda de Oaxaca se apega a los tiempos determinados por la ley para ahondar en detalles sobre el caso.<\/p>\n\n\n\n<p>\u201cLa FGEO fortalece los protocolos de control interno para evitar que funcionarios de esta instituci\u00f3n se vean involucrados en conductas delictivas, y en caso contrario, tiene el compromiso de aplicar la ley para sancionar sin distinci\u00f3n de quien resulte responsable y con ello evitar que este tipo de casos queden impunes\u201d, concluy\u00f3.<\/p>\n","protected":false},"excerpt":{"rendered":"<p>Ismael Garc\u00eda M.\/Zona Roja.&nbsp; Oaxaca de Ju\u00e1rez, Oax., a 21 de marzo de 2025.- La&hellip;<\/p>\n","protected":false},"author":2,"featured_media":72141,"comment_status":"closed","ping_status":"open","sticky":false,"template":"","format":"standard","meta":{"_lmt_disableupdate":"","_lmt_disable":"","_jetpack_memberships_contains_paid_content":false,"footnotes":""},"categories":[109,46],"tags":[494],"class_list":["post-78639","post","type-post","status-publish","format-standard","has-post-thumbnail","hentry","category-minuto-a-minuto","category-zona-blanca","tag-fiscalia-general-del-estado-de-oaxaca"],"jetpack_featured_media_url":"https:\/\/zonaroja.com.mx\/wp-content\/uploads\/2024\/09\/AEI-Agencia-Estatal-de-Investigciones.jpg","jetpack_sharing_enabled":true,"_links":{"self":[{"href":"https:\/\/zonaroja.com.mx\/index.php?rest_route=\/wp\/v2\/posts\/78639","targetHints":{"allow":["GET"]}}],"collection":[{"href":"https:\/\/zonaroja.com.mx\/index.php?rest_route=\/wp\/v2\/posts"}],"about":[{"href":"https:\/\/zonaroja.com.mx\/index.php?rest_route=\/wp\/v2\/types\/post"}],"author":[{"embeddable":true,"href":"https:\/\/zonaroja.com.mx\/index.php?rest_route=\/wp\/v2\/users\/2"}],"replies":[{"embeddable":true,"href":"https:\/\/zonaroja.com.mx\/index.php?rest_route=%2Fwp%2Fv2%2Fcomments&post=78639"}],"version-history":[{"count":1,"href":"https:\/\/zonaroja.com.mx\/index.php?rest_route=\/wp\/v2\/posts\/78639\/revisions"}],"predecessor-version":[{"id":78640,"href":"https:\/\/zonaroja.com.mx\/index.php?rest_route=\/wp\/v2\/posts\/78639\/revisions\/78640"}],"wp:featuredmedia":[{"embeddable":true,"href":"https:\/\/zonaroja.com.mx\/index.php?rest_route=\/wp\/v2\/media\/72141"}],"wp:attachment":[{"href":"https:\/\/zonaroja.com.mx\/index.php?rest_route=%2Fwp%2Fv2%2Fmedia&parent=78639"}],"wp:term":[{"taxonomy":"category","embeddable":true,"href":"https:\/\/zonaroja.com.mx\/index.php?rest_route=%2Fwp%2Fv2%2Fcategories&post=78639"},{"taxonomy":"post_tag","embeddable":true,"href":"https:\/\/zonaroja.com.mx\/index.php?rest_route=%2Fwp%2Fv2%2Ftags&post=78639"}],"curies":[{"name":"wp","href":"https:\/\/api.w.org\/{rel}","templated":true}]}}