{"id":7864,"date":"2020-01-20T16:33:55","date_gmt":"2020-01-20T22:33:55","guid":{"rendered":"http:\/\/www.zonaroja.com.mx\/?p=7864"},"modified":"2020-01-20T16:33:58","modified_gmt":"2020-01-20T22:33:58","slug":"cumplen-dos-meses-desalojados-de-parajes-de-xoxocotlan-y-no-hay-justicia","status":"publish","type":"post","link":"https:\/\/zonaroja.com.mx\/?p=7864","title":{"rendered":"Cumplen dos meses desalojados de parajes de Xoxocotl\u00e1n y no hay justicia"},"content":{"rendered":"\n<p>Evlin Arag\u00f3n\/Zona Roja.<\/p>\n\n\n\n<p>Oaxaca de Ju\u00e1rez, Oax., 20 de enero de\n2020.- Dos meses han pasado del desalojo violento de dos centenas de familias\nque habitaban en los parajes \u201cLoma del Qu\u00edo\u201d, Los Mangales\u201d y \u201cEl Coquito\u201d\npertenecientes al municipio de Santa Cruz Xoxocotl\u00e1n, sin que se hayan aclarado\nlos hechos y sean atendidas las v\u00edctimas quienes contin\u00faan \u201cplantadas\u201d a las\nafueras del Palacio de Gobierno en espera de justicia.<\/p>\n\n\n\n<p>Gerardo Valdez Valdez, vocero de las y\nlos desplazados, record\u00f3 que fue a trav\u00e9s de la violencia que grupos\nparamilitares les despojaron el 19 de noviembre pasado de m\u00e1s de 200 viviendas;\nquemaron su patrimonio y dejaron como saldo mortal dos personas asesinadas, sin\nque hasta el momento el gobierno de Oaxaca, encabezado por Alejandro Murat\nHinojosa, atienda la problem\u00e1tica.<\/p>\n\n\n\n<p>Detall\u00f3 que es la Secretar\u00eda General de\nGobierno (Segego) la que no ha dado fecha para la reuni\u00f3n en la que participar\u00e1\nla Secretar\u00eda de Gobernaci\u00f3n (Segob) para analizar la problem\u00e1tica y proponer\nuna soluci\u00f3n.<\/p>\n\n\n\n<p>\u201cAhorita ya van 170 demandas ante la\nFiscal\u00eda General del Estado de Oaxaca y ning\u00fan detenido al respecto, a dos\nmeses sigue sin haber justicia para las m\u00e1s de 207 personas\u201d, refiri\u00f3 a la par\nque recrimin\u00f3 la falta de atenci\u00f3n por parte de las autoridades. <\/p>\n\n\n\n<p>En este sentido, explic\u00f3 que este fin\nde semana se acercaron al Presidente de la Rep\u00fablica, Andr\u00e9s Manuel L\u00f3pez\nObrador, a quien le entregaron un oficio y una carta para que se entere de lo\nque sucede en el estado y pueda intervenir a fin de dar soluci\u00f3n, ya que a dos\nmeses de los hechos siguen pernoctando en la calle debido al desalojo y\ndestrucci\u00f3n de sus viviendas. <\/p>\n\n\n\n<p>Gerardo Valdez indic\u00f3 que previamente\nrecurrieron a Nancy Ortiz y a Salom\u00f3n Jara Cruz para que intervinieran a su\nfavor, sin embargo, ninguno escuch\u00f3 la problem\u00e1tica que viv\u00edan previo al\ndesalojo y quema de 220 viviendas en los tres parajes. <\/p>\n\n\n\n<p>Como desde hace dos meses, culp\u00f3 de los\nhechos a Silvano Reyes Medina a quien incluso responsabiliz\u00f3 del asesinato de\nManuel Almaraz Hern\u00e1ndez, quien fue acuchillado y quemado despu\u00e9s de acudir al \u201cplant\u00f3n\u201d\nque mantienen en inmediaciones del z\u00f3calo de la ciudad, con el fin de\namedrentar a las y los manifestantes.<\/p>\n\n\n\n<p>\u201cNosotros no le tenemos miedo, estamos\naqu\u00ed con la frente en alto y denunciando, aunque \u00e9l mande a sus grupos de\nchoque a amedrentar, la justicia tiene que llegar, por eso seguiremos luchando\npor quienes se quedaron sin casa debido a la violencia generada en la zona\u201d,\nsentenci\u00f3.<\/p>\n","protected":false},"excerpt":{"rendered":"<p>Evlin Arag\u00f3n\/Zona Roja. Oaxaca de Ju\u00e1rez, Oax., 20 de enero de 2020.- Dos meses han&hellip;<\/p>\n","protected":false},"author":2,"featured_media":7865,"comment_status":"closed","ping_status":"open","sticky":false,"template":"","format":"standard","meta":{"_lmt_disableupdate":"","_lmt_disable":"","_jetpack_memberships_contains_paid_content":false,"footnotes":""},"categories":[47],"tags":[133],"class_list":["post-7864","post","type-post","status-publish","format-standard","has-post-thumbnail","hentry","category-zona-gris","tag-santa-cruz-xoxocotlan"],"jetpack_featured_media_url":"https:\/\/zonaroja.com.mx\/wp-content\/uploads\/2020\/01\/Plant\u00f3n-Xoxocotl\u00e1n-Palacio.jpg","jetpack_sharing_enabled":true,"_links":{"self":[{"href":"https:\/\/zonaroja.com.mx\/index.php?rest_route=\/wp\/v2\/posts\/7864","targetHints":{"allow":["GET"]}}],"collection":[{"href":"https:\/\/zonaroja.com.mx\/index.php?rest_route=\/wp\/v2\/posts"}],"about":[{"href":"https:\/\/zonaroja.com.mx\/index.php?rest_route=\/wp\/v2\/types\/post"}],"author":[{"embeddable":true,"href":"https:\/\/zonaroja.com.mx\/index.php?rest_route=\/wp\/v2\/users\/2"}],"replies":[{"embeddable":true,"href":"https:\/\/zonaroja.com.mx\/index.php?rest_route=%2Fwp%2Fv2%2Fcomments&post=7864"}],"version-history":[{"count":1,"href":"https:\/\/zonaroja.com.mx\/index.php?rest_route=\/wp\/v2\/posts\/7864\/revisions"}],"predecessor-version":[{"id":7866,"href":"https:\/\/zonaroja.com.mx\/index.php?rest_route=\/wp\/v2\/posts\/7864\/revisions\/7866"}],"wp:featuredmedia":[{"embeddable":true,"href":"https:\/\/zonaroja.com.mx\/index.php?rest_route=\/wp\/v2\/media\/7865"}],"wp:attachment":[{"href":"https:\/\/zonaroja.com.mx\/index.php?rest_route=%2Fwp%2Fv2%2Fmedia&parent=7864"}],"wp:term":[{"taxonomy":"category","embeddable":true,"href":"https:\/\/zonaroja.com.mx\/index.php?rest_route=%2Fwp%2Fv2%2Fcategories&post=7864"},{"taxonomy":"post_tag","embeddable":true,"href":"https:\/\/zonaroja.com.mx\/index.php?rest_route=%2Fwp%2Fv2%2Ftags&post=7864"}],"curies":[{"name":"wp","href":"https:\/\/api.w.org\/{rel}","templated":true}]}}