{"id":78641,"date":"2025-03-21T21:31:48","date_gmt":"2025-03-22T03:31:48","guid":{"rendered":"https:\/\/zonaroja.com.mx\/?p=78641"},"modified":"2025-03-21T21:33:16","modified_gmt":"2025-03-22T03:33:16","slug":"juarez-hombre-de-estado-que-restauro-la-republica-bvm","status":"publish","type":"post","link":"https:\/\/zonaroja.com.mx\/?p=78641","title":{"rendered":"Ju\u00e1rez, hombre de Estado que restaur\u00f3 la Rep\u00fablica: BVM"},"content":{"rendered":"\n<p>Redacci\u00f3n\/Zona Roja.<\/p>\n\n\n\n<p>Oaxaca de Ju\u00e1rez, Oax, a 21 de marzo de 2025.- El Congreso del Estado de Oaxaca conmemor\u00f3 el 219 Aniversario del Natalicio de don Benito Ju\u00e1rez Garc\u00eda, tambi\u00e9n conocido como el \u201cBenem\u00e9rito de las Am\u00e9ricas\u201d, por defender los principios de la libre autodeterminaci\u00f3n de los pueblos y la no intervenci\u00f3n.<\/p>\n\n\n\n<p>Con una ceremonia c\u00edvica las diputadas y los diputados de la Sexag\u00e9sima Sexta Legislatura Local refrendaron el gran legado y respeto al ilustre oaxaque\u00f1o que naci\u00f3 un 21 de marzo de 1806 en San Pablo Guelatao, lugar donde velan las armas de la ley y el esp\u00edritu del Patricio Oaxaque\u00f1o, que luch\u00f3 siempre por la libertad, justicia y soberan\u00eda de la naci\u00f3n.<\/p>\n\n\n\n<p>Sus acciones ejemplares le dieron honra y grandeza en el \u00e1mbito internacional, en la Guerra de Reforma, en la lucha por la separaci\u00f3n Estado-Iglesia, en la intervenci\u00f3n y El Imperio.<\/p>\n\n\n\n<p>El homenaje fue encabezado por el presidente de la Junta de Coordinaci\u00f3n Pol\u00edtica (Jucopo), diputado Benjam\u00edn Viveros Montalvo y la presidenta de la Mesa Directiva de esta soberan\u00eda, legisladora Antonia Natividad D\u00edaz Jim\u00e9nez.<\/p>\n\n\n\n<p>En la sede de la explanada del Poder Legislativo estatal, fue reconocida la inmortalidad de don Benito Ju\u00e1rez por su pensamiento y obra, qui\u00e9n fue un hombre que siempre crey\u00f3 en sus ideales y defendi\u00f3 sus principios para hacer de M\u00e9xico, un pa\u00eds m\u00e1s igualitario y justo.<\/p>\n\n\n\n<p>En la guardia de honor y colocaci\u00f3n de la ofrenda floral, tambi\u00e9n se cont\u00f3 con la presencia de las diputadas Tania Caballero Navarro, Elisa Zepeda Lagunas, Mar\u00eda Francisca Antonio Santiago, Lizbeth Anaid Concha Ojeda, Tania L\u00f3pez L\u00f3pez, Concepci\u00f3n Rueda G\u00f3mez, Analy Peral Vivar, Vanessa Rub\u00ed Ojeda Mej\u00eda, Dulce Bel\u00e9n Uribe Mendoza, Cecilia Olivia Cruz Merl\u00edn, Elvia Gabriela P\u00e9rez L\u00f3pez, Sandra Daniela Taurino Jim\u00e9nez y M\u00f3nica Bel\u00e9n L\u00f3pez Javier.<\/p>\n\n\n\n<p>Y los diputados C\u00e9sar David Mateos Ben\u00edtez, Dante Monta\u00f1o Montero, Oliver L\u00f3pez Garc\u00eda, Isidro Ortega Silva, Isa\u00edas Carranza Secundino, Isaac L\u00f3pez L\u00f3pez, Zeferino Garc\u00eda Jer\u00f3nimo y Mauro Cruz S\u00e1nchez, as\u00ed como trabajadoras y trabajadores de las diferentes \u00e1reas laborales del Congreso local.<\/p>\n\n\n\n<p>El cronista del Congreso, Mario Enr\u00edquez Unda, rememor\u00f3 que el hijo de Marcelino Ju\u00e1rez y Br\u00edgida Garc\u00eda es referente \u00e9tico y moral para las cuestiones p\u00fablicas y valor universal en cuanto a la conducta personal de las y los servidores p\u00fablicos, adem\u00e1s, que los principios del Coloso de Guelatao como la Legalidad, Libertad y Tolerancia tienen plena vigencia \u201cel mejor homenaje es la determinaci\u00f3n de seguir construyendo un M\u00e9xico mejor en donde impere la justicia y concordia\u201d.<\/p>\n\n\n\n<p>Durante su intervenci\u00f3n, la presidenta de la Mesa Directiva, Antonia Natividad D\u00edaz Jim\u00e9nez tambi\u00e9n resalt\u00f3 la vida y herencia del oaxaque\u00f1o que dej\u00f3 una huella imborrable con sus reformas que transformaron al pa\u00eds en una Rep\u00fablica \u201cun hombre s\u00edmbolo de la lucha por la justicia, libertad y soberan\u00eda, de origen humilde e ind\u00edgena, pero con una gran nobleza de esp\u00edritu que nos ense\u00f1\u00f3 que la grandeza no depende de la posici\u00f3n social, ni del cargo que desempe\u00f1emos, sino de principios y la valent\u00eda con la que enfrentamos las adversidades\u201d.<\/p>\n\n\n\n<p>En tanto, el presidente de la Junta de Coordinaci\u00f3n Pol\u00edtica (Jucopo), Benjam\u00edn Viveros Montalvo, resalt\u00f3 que Ju\u00e1rez fue el m\u00e1s grande pr\u00f3cer de la Patria, quien desempe\u00f1\u00f3 varios cargos al ser abogado, gobernador, ministro y presidente de M\u00e9xico, quien luch\u00f3 siempre por la justicia, igualdad y defensa de las libertades humanas sin distinguir credos o diferencias religiosas \u201cfue un hombre de Estado que promulg\u00f3 el respeto a las leyes y a las autoridades, que logr\u00f3 restaurar la Rep\u00fablica y separar la Iglesia del Estado\u201d.<\/p>\n\n\n\n<p>El acto protocolario concluy\u00f3 con el dep\u00f3sito de la ofrenda floral y guardia de honor al monumento de don Benito Ju\u00e1rez.<\/p>\n","protected":false},"excerpt":{"rendered":"<p>Redacci\u00f3n\/Zona Roja. Oaxaca de Ju\u00e1rez, Oax, a 21 de marzo de 2025.- El Congreso del&hellip;<\/p>\n","protected":false},"author":2,"featured_media":78645,"comment_status":"closed","ping_status":"open","sticky":false,"template":"","format":"standard","meta":{"_lmt_disableupdate":"","_lmt_disable":"","_jetpack_memberships_contains_paid_content":false,"footnotes":""},"categories":[109,46],"tags":[214],"class_list":["post-78641","post","type-post","status-publish","format-standard","has-post-thumbnail","hentry","category-minuto-a-minuto","category-zona-blanca","tag-congreso-del-estado"],"jetpack_featured_media_url":"https:\/\/zonaroja.com.mx\/wp-content\/uploads\/2025\/03\/Conmemoracion-del-Natalicio-de-Benito-Juarez-Garcia-4.jpeg","jetpack_sharing_enabled":true,"_links":{"self":[{"href":"https:\/\/zonaroja.com.mx\/index.php?rest_route=\/wp\/v2\/posts\/78641","targetHints":{"allow":["GET"]}}],"collection":[{"href":"https:\/\/zonaroja.com.mx\/index.php?rest_route=\/wp\/v2\/posts"}],"about":[{"href":"https:\/\/zonaroja.com.mx\/index.php?rest_route=\/wp\/v2\/types\/post"}],"author":[{"embeddable":true,"href":"https:\/\/zonaroja.com.mx\/index.php?rest_route=\/wp\/v2\/users\/2"}],"replies":[{"embeddable":true,"href":"https:\/\/zonaroja.com.mx\/index.php?rest_route=%2Fwp%2Fv2%2Fcomments&post=78641"}],"version-history":[{"count":1,"href":"https:\/\/zonaroja.com.mx\/index.php?rest_route=\/wp\/v2\/posts\/78641\/revisions"}],"predecessor-version":[{"id":78643,"href":"https:\/\/zonaroja.com.mx\/index.php?rest_route=\/wp\/v2\/posts\/78641\/revisions\/78643"}],"wp:featuredmedia":[{"embeddable":true,"href":"https:\/\/zonaroja.com.mx\/index.php?rest_route=\/wp\/v2\/media\/78645"}],"wp:attachment":[{"href":"https:\/\/zonaroja.com.mx\/index.php?rest_route=%2Fwp%2Fv2%2Fmedia&parent=78641"}],"wp:term":[{"taxonomy":"category","embeddable":true,"href":"https:\/\/zonaroja.com.mx\/index.php?rest_route=%2Fwp%2Fv2%2Fcategories&post=78641"},{"taxonomy":"post_tag","embeddable":true,"href":"https:\/\/zonaroja.com.mx\/index.php?rest_route=%2Fwp%2Fv2%2Ftags&post=78641"}],"curies":[{"name":"wp","href":"https:\/\/api.w.org\/{rel}","templated":true}]}}