{"id":78644,"date":"2025-03-21T21:32:46","date_gmt":"2025-03-22T03:32:46","guid":{"rendered":"https:\/\/zonaroja.com.mx\/?p=78644"},"modified":"2025-03-21T21:33:54","modified_gmt":"2025-03-22T03:33:54","slug":"honra-presidenta-sheinbaum-a-juarez-desde-su-tierra","status":"publish","type":"post","link":"https:\/\/zonaroja.com.mx\/?p=78644","title":{"rendered":"Honra Presidenta Sheinbaum a Ju\u00e1rez desde su tierra"},"content":{"rendered":"\n<p>Redacci\u00f3n\/Zona Roja.&nbsp;<\/p>\n\n\n\n<p>Oaxaca de Ju\u00e1rez, Oax. 21 de marzo de 2025.- En el aniversario 219 del natalicio de Benito Ju\u00e1rez Garc\u00eda, la Presidenta Claudia Sheinbaum Pardo y el Gobernador Salom\u00f3n Jara Cruz reivindicaron los ideales del Benem\u00e9rito de las Am\u00e9ricas; que han forjado el pasado y gu\u00edan el presente de M\u00e9xico.<\/p>\n\n\n\n<p>Entre las boscosas monta\u00f1as de la Sierra de Ju\u00e1rez, que rodean Guelatao y que vieron nacer a aquel ind\u00edgena zapoteca que defendi\u00f3 la patria de la invasi\u00f3n extranjera; el Mandatario estatal afirm\u00f3 que el legado de Ju\u00e1rez de dignidad, justicia e igualdad; son los principios que lo inspiran.<\/p>\n\n\n\n<p>\u201cEn Oaxaca la visi\u00f3n juarista vive y se hace presente en nuestros pueblos originarios, legitim\u00e1ndose a trav\u00e9s de la colectividad, ayuda mutua, gozona, tequio, guelaguetza y el profundo orgullo de la riqueza ancestral y milenaria\u201d, expres\u00f3.<\/p>\n\n\n\n<p>Jara Cruz destac\u00f3 que este esp\u00edritu humanista es la base de los gobiernos de la Cuarta Transformaci\u00f3n, que materializan el apotegma de Ju\u00e1rez: \u201cCon el pueblo todo, sin el pueblo nada\u201d; al cual se suman los cimientos comunales e interculturales de los pueblos de Oaxaca.<\/p>\n\n\n\n<p>Con esta visi\u00f3n, reconoci\u00f3 la determinaci\u00f3n del Gobierno Federal de aportar directamente el 10 por ciento de los recursos del Fondo de Aportaciones para la Infraestructura Social (FAIS), a los pueblos y comunidades ind\u00edgenas, para combatir el rezago y la pobreza, as\u00ed como, reparar la deuda hist\u00f3rica heredada por los gobiernos del pasado.<\/p>\n\n\n\n<p>En esta tierra de gigantes como Benito Ju\u00e1rez, el Gobernador reiter\u00f3 el respaldo de Oaxaca a la Presidenta de M\u00e9xico en la defensa de la soberan\u00eda nacional. \u201cUsted ha mirado de frente, y sin miedo, a quienes con amenazas pretenden doblegarnos y les ha dejado en claro que M\u00e9xico no se somete ni se someter\u00e1\u201d, asever\u00f3.<\/p>\n\n\n\n<p>ESENCIA DE LA 4T<\/p>\n\n\n\n<p>En tanto, Sheinbaum Pardo expres\u00f3 que el pensamiento juarista es la esencia de la Cuarta Transformaci\u00f3n de la vida p\u00fablica y que en su gobierno se rige por los valores de: justicia, soberan\u00eda, independencia, libertad y democracia.<\/p>\n\n\n\n<p>\u201cHoy Ju\u00e1rez est\u00e1 en el coraz\u00f3n de las mexicanas y mexicanos cuando decimos que somos un pa\u00eds libre, independiente y soberano, que no somos colonia de nadie ni protectorado de nadie; somos una naci\u00f3n independiente en la que hoy m\u00e1s que nunca resuenan las grandes palabras de Ju\u00e1rez: \u201cEntre los individuos como entre las naciones el respeto al derecho ajeno es la paz\u2019\u201d, puntualiz\u00f3.<\/p>\n\n\n\n<p>La titular del Poder Ejecutivo Federal afirm\u00f3 que, en esta nueva etapa de la historia nacional, el pueblo est\u00e1 empoderado; y prueba de ello, en junio pr\u00f3ximo, elegir\u00e1 a las y los ministros, magistrados y jueces.<\/p>\n\n\n\n<p>Finalmente, el presidente municipal de San Pablo Guelatao, Isa\u00edas Garc\u00eda Soto mencion\u00f3 que la reforma en materia de los derechos de los pueblos ind\u00edgenas y del pueblo afromexicano es un homenaje a ese ni\u00f1o ind\u00edgena que en 1806 naci\u00f3 para formar la rep\u00fablica.<\/p>\n\n\n\n<p>\u201cVenerar con hechos y no como palabras es como se tiene que hacer honor a nuestra historia\u201d, expuso.<\/p>\n\n\n\n<p>Al t\u00e9rmino del acto, la Presidenta de M\u00e9xico y el Gobernador de Oaxaca, as\u00ed como autoridades civiles y militares montaron guardia de honor y colocaron la ofrenda floral en el monumento del Benem\u00e9rito de las Am\u00e9ricas.<\/p>\n","protected":false},"excerpt":{"rendered":"<p>Redacci\u00f3n\/Zona Roja.&nbsp; Oaxaca de Ju\u00e1rez, Oax. 21 de marzo de 2025.- En el aniversario 219&hellip;<\/p>\n","protected":false},"author":2,"featured_media":78642,"comment_status":"closed","ping_status":"open","sticky":false,"template":"","format":"standard","meta":{"_lmt_disableupdate":"","_lmt_disable":"","_jetpack_memberships_contains_paid_content":false,"footnotes":""},"categories":[109,46],"tags":[939],"class_list":["post-78644","post","type-post","status-publish","format-standard","has-post-thumbnail","hentry","category-minuto-a-minuto","category-zona-blanca","tag-salomon-jara-cruz"],"jetpack_featured_media_url":"https:\/\/zonaroja.com.mx\/wp-content\/uploads\/2025\/03\/Legado-humanista-de-Benito-Juarez-mas-vivo-que-nunca-en-Mexico-y-Oaxaca-Salomon-Jara-2.jpg","jetpack_sharing_enabled":true,"_links":{"self":[{"href":"https:\/\/zonaroja.com.mx\/index.php?rest_route=\/wp\/v2\/posts\/78644","targetHints":{"allow":["GET"]}}],"collection":[{"href":"https:\/\/zonaroja.com.mx\/index.php?rest_route=\/wp\/v2\/posts"}],"about":[{"href":"https:\/\/zonaroja.com.mx\/index.php?rest_route=\/wp\/v2\/types\/post"}],"author":[{"embeddable":true,"href":"https:\/\/zonaroja.com.mx\/index.php?rest_route=\/wp\/v2\/users\/2"}],"replies":[{"embeddable":true,"href":"https:\/\/zonaroja.com.mx\/index.php?rest_route=%2Fwp%2Fv2%2Fcomments&post=78644"}],"version-history":[{"count":1,"href":"https:\/\/zonaroja.com.mx\/index.php?rest_route=\/wp\/v2\/posts\/78644\/revisions"}],"predecessor-version":[{"id":78646,"href":"https:\/\/zonaroja.com.mx\/index.php?rest_route=\/wp\/v2\/posts\/78644\/revisions\/78646"}],"wp:featuredmedia":[{"embeddable":true,"href":"https:\/\/zonaroja.com.mx\/index.php?rest_route=\/wp\/v2\/media\/78642"}],"wp:attachment":[{"href":"https:\/\/zonaroja.com.mx\/index.php?rest_route=%2Fwp%2Fv2%2Fmedia&parent=78644"}],"wp:term":[{"taxonomy":"category","embeddable":true,"href":"https:\/\/zonaroja.com.mx\/index.php?rest_route=%2Fwp%2Fv2%2Fcategories&post=78644"},{"taxonomy":"post_tag","embeddable":true,"href":"https:\/\/zonaroja.com.mx\/index.php?rest_route=%2Fwp%2Fv2%2Ftags&post=78644"}],"curies":[{"name":"wp","href":"https:\/\/api.w.org\/{rel}","templated":true}]}}