{"id":78647,"date":"2025-03-22T07:33:00","date_gmt":"2025-03-22T13:33:00","guid":{"rendered":"https:\/\/zonaroja.com.mx\/?p=78647"},"modified":"2025-03-22T06:45:06","modified_gmt":"2025-03-22T12:45:06","slug":"registra-oaxaca-protestas-menores-en-visita-de-claudia-sheinbaum","status":"publish","type":"post","link":"https:\/\/zonaroja.com.mx\/?p=78647","title":{"rendered":"Registra Oaxaca protestas menores en visita de Claudia Sheinbaum"},"content":{"rendered":"\n<p>Raymundo Morales\/Zona Roja.<\/p>\n\n\n\n<p>Oaxaca de Ju\u00e1rez, Oax., a 22 de marzo de 2025.- Al menos media decena de protestas se registr\u00f3 este viernes durante la visita de la Presidenta Claudia Sheinbaum a Oaxaca, sin que interfirieran con las actividades.<\/p>\n\n\n\n<p>En Guelatao de Ju\u00e1rez, en la conmemoraci\u00f3n del 219 aniversario del natalicio de don Benito Ju\u00e1rez, un reducido grupo de docentes se manifest\u00f3 con cartulinas a un costado de la explanada principal, sin generar conflictos.<\/p>\n\n\n\n<p>En la ciudad de Oaxaca, un grupo de empleados de confianza denunci\u00f3 en conferencia de prensa que el gobierno municipal que encabeza Raymundo Chagoya les realiza descuentos indebidos, que van de los 300 a los 800 pesos a la quincena, sin darles argumentos v\u00e1lidos para ello.<\/p>\n\n\n\n<p>Adem\u00e1s, persiste el acoso en contra de quienes no cuentan con un respaldo sindical e incluso se concretaron alrededor de 50 despidos de personal de confianza.<\/p>\n\n\n\n<p>En el z\u00f3calo de la capital, un grupo de habitantes de agencias de Santiago Textitl\u00e1n se concentr\u00f3 por tercer d\u00eda; poco despu\u00e9s fueron recibidos en el Palacio de Gobierno, con la finalidad de buscar soluci\u00f3n a su demanda de entrega de participaciones presupuestales por parte del ayuntamiento.<\/p>\n\n\n\n<p>Alrededor del mediod\u00eda, la Facultad de Econom\u00eda de la Universidad Aut\u00f3noma \u201cBenito Ju\u00e1rez\u201d de Oaxaca fue \u201ctomada\u201d por parte de un grupo de alumnos y docentes, ante la imposici\u00f3n de cargos directivos en la instituci\u00f3n.&nbsp;<\/p>\n\n\n\n<p>Mientras que ayer por la tarde, en calles de La Crucecita, Huatulco, se efectu\u00f3 una marcha de ciudadanos que exigen no m\u00e1s hechos violentos en la zona \u2014tras el caso de la desaparici\u00f3n y asesinato de j\u00f3venes de Tlaxcala\u2014, as\u00ed como invitar a los turistas a seguir visitando ese destino de playa, el principal del estado.<\/p>\n","protected":false},"excerpt":{"rendered":"<p>Raymundo Morales\/Zona Roja. Oaxaca de Ju\u00e1rez, Oax., a 22 de marzo de 2025.- Al menos&hellip;<\/p>\n","protected":false},"author":2,"featured_media":78648,"comment_status":"closed","ping_status":"open","sticky":false,"template":"","format":"standard","meta":{"_lmt_disableupdate":"","_lmt_disable":"","_jetpack_memberships_contains_paid_content":false,"footnotes":""},"categories":[109,47],"tags":[518],"class_list":["post-78647","post","type-post","status-publish","format-standard","has-post-thumbnail","hentry","category-minuto-a-minuto","category-zona-gris","tag-protestas-oaxaca"],"jetpack_featured_media_url":"https:\/\/zonaroja.com.mx\/wp-content\/uploads\/2025\/03\/Protestas-Oaxaca-visita-claudia-Sheinbaum.jpg","jetpack_sharing_enabled":true,"_links":{"self":[{"href":"https:\/\/zonaroja.com.mx\/index.php?rest_route=\/wp\/v2\/posts\/78647","targetHints":{"allow":["GET"]}}],"collection":[{"href":"https:\/\/zonaroja.com.mx\/index.php?rest_route=\/wp\/v2\/posts"}],"about":[{"href":"https:\/\/zonaroja.com.mx\/index.php?rest_route=\/wp\/v2\/types\/post"}],"author":[{"embeddable":true,"href":"https:\/\/zonaroja.com.mx\/index.php?rest_route=\/wp\/v2\/users\/2"}],"replies":[{"embeddable":true,"href":"https:\/\/zonaroja.com.mx\/index.php?rest_route=%2Fwp%2Fv2%2Fcomments&post=78647"}],"version-history":[{"count":1,"href":"https:\/\/zonaroja.com.mx\/index.php?rest_route=\/wp\/v2\/posts\/78647\/revisions"}],"predecessor-version":[{"id":78649,"href":"https:\/\/zonaroja.com.mx\/index.php?rest_route=\/wp\/v2\/posts\/78647\/revisions\/78649"}],"wp:featuredmedia":[{"embeddable":true,"href":"https:\/\/zonaroja.com.mx\/index.php?rest_route=\/wp\/v2\/media\/78648"}],"wp:attachment":[{"href":"https:\/\/zonaroja.com.mx\/index.php?rest_route=%2Fwp%2Fv2%2Fmedia&parent=78647"}],"wp:term":[{"taxonomy":"category","embeddable":true,"href":"https:\/\/zonaroja.com.mx\/index.php?rest_route=%2Fwp%2Fv2%2Fcategories&post=78647"},{"taxonomy":"post_tag","embeddable":true,"href":"https:\/\/zonaroja.com.mx\/index.php?rest_route=%2Fwp%2Fv2%2Ftags&post=78647"}],"curies":[{"name":"wp","href":"https:\/\/api.w.org\/{rel}","templated":true}]}}