{"id":78650,"date":"2025-03-22T08:30:00","date_gmt":"2025-03-22T14:30:00","guid":{"rendered":"https:\/\/zonaroja.com.mx\/?p=78650"},"modified":"2025-03-22T06:54:03","modified_gmt":"2025-03-22T12:54:03","slug":"quince-anos-despues-abren-al-publico-hospital-de-la-mujer","status":"publish","type":"post","link":"https:\/\/zonaroja.com.mx\/?p=78650","title":{"rendered":"Quince a\u00f1os despu\u00e9s, abren al p\u00fablico Hospital de la Mujer"},"content":{"rendered":"\n<p>Redacci\u00f3n\/Zona Roja.<\/p>\n\n\n\n<p>Oaxaca de Ju\u00e1rez, Oax. 21 de marzo de 2025.- La Presidenta de M\u00e9xico, Claudia Sheinbaum Pardo, y el gobernador Salom\u00f3n Jara Cruz inauguraron la primera etapa del Hospital General de la Mujer y la Ni\u00f1ez Oaxaque\u00f1a, as\u00ed como el Hospital B\u00e1sico Comunitario de Ixtl\u00e1n de Ju\u00e1rez, obras clave para fortalecer la atenci\u00f3n m\u00e9dica especializada en la entidad.<\/p>\n\n\n\n<p>Durante el acto, el mandatario estatal inform\u00f3 que el nosocomio instalado en el municipio de San Bartolo Coyotepec, beneficiar\u00e1 a m\u00e1s de un mill\u00f3n 712 mil personas; adem\u00e1s, se estima que anualmente se brinden m\u00e1s de 51 mil consultas m\u00e9dicas y se garanticen alrededor de 5 mil partos y atenciones obst\u00e9tricas.<\/p>\n\n\n\n<p>En esta primera etapa, operar\u00e1 con 48 camas, tres quir\u00f3fanos, 16 consultorios de consulta externa; adem\u00e1s de \u00e1reas de urgencias y servicios m\u00e9dicos de laboratorio, rayos x, tomograf\u00eda, mastograf\u00eda, una sala de expulsi\u00f3n y una unidad de cuidados intensivos neonatales.<\/p>\n\n\n\n<p>Jara Cruz destac\u00f3 que en esta obra de infraestructura se han invertido mil 125 millones de pesos para su rehabilitaci\u00f3n y mantenimiento, as\u00ed como en el acondicionamiento de las \u00e1reas de urgencias, consulta externa, laboratorio cl\u00ednico, radiolog\u00eda e imagen, farmacia, cirug\u00eda, terapia intensiva, gen\u00e9tica y oncolog\u00eda.<\/p>\n\n\n\n<p>HOSPITAL DE IXTL\u00c1N<\/p>\n\n\n\n<p>Por su parte, el Hospital de Ixtl\u00e1n favorecer\u00e1 a cerca de 40 mil habitantes de 34 municipios de la Sierra de Ju\u00e1rez. Adem\u00e1s, contar\u00e1 con 14 camas censables y 17 camas no censables, nueve consultorios, urgencias, quir\u00f3fano y tococirug\u00eda.<\/p>\n\n\n\n<p>El Gobernante indic\u00f3 que, en esta instalaci\u00f3n m\u00e9dica -que hab\u00eda sido abandonada- se invirtieron m\u00e1s 48.5 millones, a fin de brindar servicios de hospitalizaci\u00f3n, consulta externa, laboratorio cl\u00ednico, imagenolog\u00eda, anestesiolog\u00eda, ultrasonido y rayos x, adem\u00e1s de especialidades troncales m\u00e9dicas y quir\u00fargicas.<\/p>\n\n\n\n<p>\u201cLa inauguraci\u00f3n de estos hospitales representan mucho para Oaxaca y ser\u00e1n fundamentales para poder atender, de manera adecuada, a quienes lo requieran y garantizar que las y los oaxaque\u00f1os ejerzan su derecho a la salud\u201d, se\u00f1al\u00f3.<\/p>\n\n\n\n<p>SALUD PARA TODOS<\/p>\n\n\n\n<p>En tanto, la Presidenta de M\u00e9xico reiter\u00f3 el compromiso del Gobierno Federal por fortalecer la salud p\u00fablica en todo el pa\u00eds, que por a\u00f1os fue privatizada, y que con el movimiento de la Cuarta Transformaci\u00f3n se centraliz\u00f3 en un sistema para todas y todos.<\/p>\n\n\n\n<p>\u201cNuestro objetivo es fortalecer las instituciones p\u00fablicas, en particular de atenci\u00f3n a la salud y que forman parte del IMSS, ISSSTE e IMSS-Bienestar. Ese es el prop\u00f3sito de esta inauguraci\u00f3n, garantizar el acceso a la salud desde la prevenci\u00f3n hasta la atenci\u00f3n\u201d, expres\u00f3.<\/p>\n\n\n\n<p>En este marco, el director general del IMSS-Bienestar, Alejandro Svarch P\u00e9rez resalt\u00f3 que la puesta en marcha de estos dos nosocomios representa un gran avance en la consolidaci\u00f3n de un sistema de salud unificado.<\/p>\n\n\n\n<p>\u201cEl Estado asume el rol relevante de la provisi\u00f3n, administraci\u00f3n y financiamiento de los servicios de salud e involucra al pueblo en las decisiones. Esto es en esencia el IMSS-Bienestar\u201d, dijo.<\/p>\n","protected":false},"excerpt":{"rendered":"<p>Redacci\u00f3n\/Zona Roja. Oaxaca de Ju\u00e1rez, Oax. 21 de marzo de 2025.- La Presidenta de M\u00e9xico,&hellip;<\/p>\n","protected":false},"author":2,"featured_media":78651,"comment_status":"closed","ping_status":"open","sticky":false,"template":"","format":"standard","meta":{"_lmt_disableupdate":"","_lmt_disable":"","_jetpack_memberships_contains_paid_content":false,"footnotes":""},"categories":[109,46],"tags":[3370,939],"class_list":["post-78650","post","type-post","status-publish","format-standard","has-post-thumbnail","hentry","category-minuto-a-minuto","category-zona-blanca","tag-claudia-sheinbaum","tag-salomon-jara-cruz"],"jetpack_featured_media_url":"https:\/\/zonaroja.com.mx\/wp-content\/uploads\/2025\/03\/Hospital-de-la-Mujer-y-de-la-Ninez-Coyotepec-Oaxaca.jpeg","jetpack_sharing_enabled":true,"_links":{"self":[{"href":"https:\/\/zonaroja.com.mx\/index.php?rest_route=\/wp\/v2\/posts\/78650","targetHints":{"allow":["GET"]}}],"collection":[{"href":"https:\/\/zonaroja.com.mx\/index.php?rest_route=\/wp\/v2\/posts"}],"about":[{"href":"https:\/\/zonaroja.com.mx\/index.php?rest_route=\/wp\/v2\/types\/post"}],"author":[{"embeddable":true,"href":"https:\/\/zonaroja.com.mx\/index.php?rest_route=\/wp\/v2\/users\/2"}],"replies":[{"embeddable":true,"href":"https:\/\/zonaroja.com.mx\/index.php?rest_route=%2Fwp%2Fv2%2Fcomments&post=78650"}],"version-history":[{"count":1,"href":"https:\/\/zonaroja.com.mx\/index.php?rest_route=\/wp\/v2\/posts\/78650\/revisions"}],"predecessor-version":[{"id":78652,"href":"https:\/\/zonaroja.com.mx\/index.php?rest_route=\/wp\/v2\/posts\/78650\/revisions\/78652"}],"wp:featuredmedia":[{"embeddable":true,"href":"https:\/\/zonaroja.com.mx\/index.php?rest_route=\/wp\/v2\/media\/78651"}],"wp:attachment":[{"href":"https:\/\/zonaroja.com.mx\/index.php?rest_route=%2Fwp%2Fv2%2Fmedia&parent=78650"}],"wp:term":[{"taxonomy":"category","embeddable":true,"href":"https:\/\/zonaroja.com.mx\/index.php?rest_route=%2Fwp%2Fv2%2Fcategories&post=78650"},{"taxonomy":"post_tag","embeddable":true,"href":"https:\/\/zonaroja.com.mx\/index.php?rest_route=%2Fwp%2Fv2%2Ftags&post=78650"}],"curies":[{"name":"wp","href":"https:\/\/api.w.org\/{rel}","templated":true}]}}