{"id":78659,"date":"2025-03-22T11:27:00","date_gmt":"2025-03-22T17:27:00","guid":{"rendered":"https:\/\/zonaroja.com.mx\/?p=78659"},"modified":"2025-03-22T07:29:31","modified_gmt":"2025-03-22T13:29:31","slug":"amaga-la-cnte-con-paro-indefinido-si-no-abrogan-ley-del-issste-de-2007","status":"publish","type":"post","link":"https:\/\/zonaroja.com.mx\/?p=78659","title":{"rendered":"Amaga la CNTE con paro indefinido si no abrogan Ley del ISSSTE de 2007"},"content":{"rendered":"\n<p>Redacci\u00f3n\/Zona Roja Cdmx.<\/p>\n\n\n\n<p>Ciudad de M\u00e9xico, a 22 de marzo de 2025.- Miles de profesores de la Coordinadora Nacional de Trabajadores de la Educaci\u00f3n (CNTE) concluyeron su paro nacional de 72 horas con una marcha masiva tanto en la capital del pa\u00eds como en Chiapas, Chihuahua, Tamaulipas, Michoac\u00e1n, Quintana Roo y Yucat\u00e1n.<\/p>\n\n\n\n<p>En la Plaza de la Constituci\u00f3n, que permanec\u00eda abarrotada pese a las inclemencias del calor, los dirigentes magisteriales advirtieron que la \u201cnueva primavera magisterial va a continuar\u201d.<\/p>\n\n\n\n<p>Pedro Hern\u00e1ndez Morales, l\u00edder magisterial de la secci\u00f3n 9 de la Ciudad de M\u00e9xico, se\u00f1al\u00f3 que el retiro de la presidenta Claudia Sheinbaum Pardo de su iniciativa de reforma a la Ley del Issste de 2007, enviada el pasado 7 de febrero a la C\u00e1mara de Diputados, es \u201cs\u00f3lo un triunfo parcial\u201d.<\/p>\n\n\n\n<p>Ante miles de maestros, asegur\u00f3 que el objetivo central de \u201ceste despertar magisterial es y ser\u00e1 la abrogaci\u00f3n de esta ley de 2007. Que quede claro. Apenas vamos a hacer una pausa para tomar fuerza, porque si no hay soluci\u00f3n en los pr\u00f3ximos d\u00edas a las demandas que hemos presentado, vamos a prepararnos para el paro indefinido de labores\u201d.<\/p>\n\n\n\n<p>Por la ma\u00f1ana, los docentes inconformes de la Ciudad de M\u00e9xico, Guerrero, Oaxaca, Zacatecas y Michoac\u00e1n, as\u00ed como estudiantes de la Escuela Normal Rural L\u00e1zaro C\u00e1rdenas del R\u00edo, de Tener\u00eda, Estado de M\u00e9xico, y organizaciones sociales se concentraron en las inmediaciones de la Normal Superior de M\u00e9xico para marchar al Z\u00f3calo capitalino.<\/p>\n\n\n\n<p>Luego de una movilizaci\u00f3n que recorri\u00f3 avenidas como Ribera de San Cosme, Insurgentes Norte y Sur, avenida Chapultepec, Fray Servando, Eje Central y 5 de Mayo, para arribar a la esquina de la calle Madero y Plaza de la Constituci\u00f3n, los profesores expresaron su rechazo a \u201cmantener un sistema de pensiones injusto\u201d.<\/p>\n\n\n\n<p>Al concluir el mitin pol\u00edtico, donde se dio la declaratoria de cierre del paro nacional de 72 horas, la dirigencia magisterial llam\u00f3 a los docentes inconformes a volver a sus estados e informar a los padres de familia y comunidades escolares, para que, \u201csi es necesario, logremos un paro indefinido de labores por un sistema solidario de pensiones y un sistema de salud digno para todos\u201d.<\/p>\n\n\n\n<p>(Informaci\u00f3n de \u201cLa Jornada\u201d)<\/p>\n","protected":false},"excerpt":{"rendered":"<p>Redacci\u00f3n\/Zona Roja Cdmx. Ciudad de M\u00e9xico, a 22 de marzo de 2025.- Miles de profesores&hellip;<\/p>\n","protected":false},"author":2,"featured_media":78661,"comment_status":"closed","ping_status":"open","sticky":false,"template":"","format":"standard","meta":{"_lmt_disableupdate":"","_lmt_disable":"","_jetpack_memberships_contains_paid_content":false,"footnotes":""},"categories":[109,46],"tags":[1283],"class_list":["post-78659","post","type-post","status-publish","format-standard","has-post-thumbnail","hentry","category-minuto-a-minuto","category-zona-blanca","tag-coordinadora-nacional-de-trabajadores-de-la-educacion-cnte"],"jetpack_featured_media_url":"https:\/\/zonaroja.com.mx\/wp-content\/uploads\/2025\/03\/Marcha-CNTE-ciudad-de-Mexico.jpg","jetpack_sharing_enabled":true,"_links":{"self":[{"href":"https:\/\/zonaroja.com.mx\/index.php?rest_route=\/wp\/v2\/posts\/78659","targetHints":{"allow":["GET"]}}],"collection":[{"href":"https:\/\/zonaroja.com.mx\/index.php?rest_route=\/wp\/v2\/posts"}],"about":[{"href":"https:\/\/zonaroja.com.mx\/index.php?rest_route=\/wp\/v2\/types\/post"}],"author":[{"embeddable":true,"href":"https:\/\/zonaroja.com.mx\/index.php?rest_route=\/wp\/v2\/users\/2"}],"replies":[{"embeddable":true,"href":"https:\/\/zonaroja.com.mx\/index.php?rest_route=%2Fwp%2Fv2%2Fcomments&post=78659"}],"version-history":[{"count":1,"href":"https:\/\/zonaroja.com.mx\/index.php?rest_route=\/wp\/v2\/posts\/78659\/revisions"}],"predecessor-version":[{"id":78662,"href":"https:\/\/zonaroja.com.mx\/index.php?rest_route=\/wp\/v2\/posts\/78659\/revisions\/78662"}],"wp:featuredmedia":[{"embeddable":true,"href":"https:\/\/zonaroja.com.mx\/index.php?rest_route=\/wp\/v2\/media\/78661"}],"wp:attachment":[{"href":"https:\/\/zonaroja.com.mx\/index.php?rest_route=%2Fwp%2Fv2%2Fmedia&parent=78659"}],"wp:term":[{"taxonomy":"category","embeddable":true,"href":"https:\/\/zonaroja.com.mx\/index.php?rest_route=%2Fwp%2Fv2%2Fcategories&post=78659"},{"taxonomy":"post_tag","embeddable":true,"href":"https:\/\/zonaroja.com.mx\/index.php?rest_route=%2Fwp%2Fv2%2Ftags&post=78659"}],"curies":[{"name":"wp","href":"https:\/\/api.w.org\/{rel}","templated":true}]}}