{"id":78666,"date":"2025-03-22T11:35:00","date_gmt":"2025-03-22T17:35:00","guid":{"rendered":"https:\/\/zonaroja.com.mx\/?p=78666"},"modified":"2025-03-22T07:38:20","modified_gmt":"2025-03-22T13:38:20","slug":"llega-guelaguetza-de-oaxaca-a-la-feria-nayarit-2025","status":"publish","type":"post","link":"https:\/\/zonaroja.com.mx\/?p=78666","title":{"rendered":"Llega Guelaguetza de Oaxaca a la Feria Nayarit 2025"},"content":{"rendered":"\n<p>Redacci\u00f3n\/Zona Roja.<\/p>\n\n\n\n<p>Oaxaca de Ju\u00e1rez, Oax., a 22 de marzo de 2025.- La alegr\u00eda y el colorido de los pueblos de Oaxaca se hicieron presentes en la Feria de Nayarit 2025, con un convite que anunci\u00f3 la Guelaguetza, que se realizar\u00e1 el s\u00e1bado 22 de marzo en la fiesta m\u00e1s importantes de las y los nayaritas.&nbsp;<\/p>\n\n\n\n<p>Para dar ejemplo de la riqueza del Coraz\u00f3n Cultural de M\u00e9xico, durante el desfile inaugural de la Feria Nayarit 2025, las nueve delegaciones participantes encabezadas por la representante de la Diosa Cent\u00e9otl 2024, Juana Hern\u00e1ndez L\u00f3pez; llenaron de fiesta y m\u00fasica las calles de Tepic, con sus vestimentas multicolores, tradicionales bailes y danzas.<\/p>\n\n\n\n<p>Acompa\u00f1ados de la Banda de M\u00fasica de la Secretar\u00eda de Seguridad y Protecci\u00f3n Ciudadana (SSPC) de Oaxaca, las delegaciones de: Chinas Oaxaque\u00f1as de Genoveva Medina, San Pedro Pochutla, Asunci\u00f3n Ixtaltepec, San Juan Bautista Tuxtepec, Santiago Juxtlahuaca, Cuil\u00e1pam de Guerrero, Heroica Ciudad de Huajuapan de Le\u00f3n, Santiago Pinotepa Nacional y Putla Villa de Guerrero; deslumbraron a las y los cientos de espectadores. &nbsp;<\/p>\n\n\n\n<p>El convite avanz\u00f3 por el boulevard Tepic\u2013Xalisco hasta llegar al Foro Cultural Papalotl del Recinto Ferial, donde la secretaria de turismo del estado, Saymi Pineda Velasco, junto al Gobernador de Nayarit, Miguel \u00c1ngel Navarro Quintero y el secretario de turismo de Nayarit, Juan Enrique Su\u00e1rez del Real Tostado; dieron la bienvenida a la muestra cultural, destacando la colaboraci\u00f3n entre ambas entidades.<\/p>\n\n\n\n<p>La titular de la Secretar\u00eda de Turismo (Sectur) Oaxaca se\u00f1al\u00f3 que es un honor para el estado compartir la grandeza de la Guelaguetza, fiesta que representa la esencia misma de la generosidad y el esp\u00edritu comunitario. \u201cEs una manifestaci\u00f3n viva de nuestras ra\u00edces, una oportunidad de compartir con el mundo una experiencia llena de color, m\u00fasica, danza y la riqueza cultural de nuestros pueblos originarios\u201d, expres\u00f3.<\/p>\n\n\n\n<p>En ese sentido, Pineda Velasco agradeci\u00f3 a Su\u00e1rez del Real Tostado, por el trabajo coordinado que permiti\u00f3 mostrar la cultura de Oaxaca en ese estado, lo que fortalece los lazos entre ambas entidades y expande la presencia del estado en el mercado nacional.<\/p>\n\n\n\n<p>La funcionaria estatal dijo que la presencia de la Guelaguetza a nivel nacional permite compartir y difundir la herencia cultural, promover el entendimiento y el respeto hacia los pueblos originarios, as\u00ed como mantener viva la identidad y tradiciones de las y los oaxaque\u00f1os que radican a lo largo del pa\u00eds.<\/p>\n\n\n\n<p>Asimismo, afirm\u00f3 que estas acciones se alinean con las estrategias de desarrollo integral y sustentable de las ocho regiones, impulsadas por el Gobernador Salom\u00f3n Jara Cruz.<\/p>\n","protected":false},"excerpt":{"rendered":"<p>Redacci\u00f3n\/Zona Roja. Oaxaca de Ju\u00e1rez, Oax., a 22 de marzo de 2025.- La alegr\u00eda y&hellip;<\/p>\n","protected":false},"author":2,"featured_media":78667,"comment_status":"closed","ping_status":"open","sticky":false,"template":"","format":"standard","meta":{"_lmt_disableupdate":"","_lmt_disable":"","_jetpack_memberships_contains_paid_content":false,"footnotes":""},"categories":[109,46],"tags":[1031],"class_list":["post-78666","post","type-post","status-publish","format-standard","has-post-thumbnail","hentry","category-minuto-a-minuto","category-zona-blanca","tag-secretaria-de-turismo-oaxaca"],"jetpack_featured_media_url":"https:\/\/zonaroja.com.mx\/wp-content\/uploads\/2025\/03\/Llega-Oaxaca-a-la-Feria-Nayarit-2025-5.jpg","jetpack_sharing_enabled":true,"_links":{"self":[{"href":"https:\/\/zonaroja.com.mx\/index.php?rest_route=\/wp\/v2\/posts\/78666","targetHints":{"allow":["GET"]}}],"collection":[{"href":"https:\/\/zonaroja.com.mx\/index.php?rest_route=\/wp\/v2\/posts"}],"about":[{"href":"https:\/\/zonaroja.com.mx\/index.php?rest_route=\/wp\/v2\/types\/post"}],"author":[{"embeddable":true,"href":"https:\/\/zonaroja.com.mx\/index.php?rest_route=\/wp\/v2\/users\/2"}],"replies":[{"embeddable":true,"href":"https:\/\/zonaroja.com.mx\/index.php?rest_route=%2Fwp%2Fv2%2Fcomments&post=78666"}],"version-history":[{"count":1,"href":"https:\/\/zonaroja.com.mx\/index.php?rest_route=\/wp\/v2\/posts\/78666\/revisions"}],"predecessor-version":[{"id":78668,"href":"https:\/\/zonaroja.com.mx\/index.php?rest_route=\/wp\/v2\/posts\/78666\/revisions\/78668"}],"wp:featuredmedia":[{"embeddable":true,"href":"https:\/\/zonaroja.com.mx\/index.php?rest_route=\/wp\/v2\/media\/78667"}],"wp:attachment":[{"href":"https:\/\/zonaroja.com.mx\/index.php?rest_route=%2Fwp%2Fv2%2Fmedia&parent=78666"}],"wp:term":[{"taxonomy":"category","embeddable":true,"href":"https:\/\/zonaroja.com.mx\/index.php?rest_route=%2Fwp%2Fv2%2Fcategories&post=78666"},{"taxonomy":"post_tag","embeddable":true,"href":"https:\/\/zonaroja.com.mx\/index.php?rest_route=%2Fwp%2Fv2%2Ftags&post=78666"}],"curies":[{"name":"wp","href":"https:\/\/api.w.org\/{rel}","templated":true}]}}