{"id":78669,"date":"2025-03-22T12:39:00","date_gmt":"2025-03-22T18:39:00","guid":{"rendered":"https:\/\/zonaroja.com.mx\/?p=78669"},"modified":"2025-03-22T07:40:18","modified_gmt":"2025-03-22T13:40:18","slug":"a-cuatro-anos-de-desaparicion-en-donde-esta-claudia-uruchurtu","status":"publish","type":"post","link":"https:\/\/zonaroja.com.mx\/?p=78669","title":{"rendered":"A cuatro a\u00f1os de desaparici\u00f3n, \u00bfen d\u00f3nde est\u00e1 Claudia Uruchurtu?"},"content":{"rendered":"\n<p>Redacci\u00f3n\/Zona Roja Cdmx.<\/p>\n\n\n\n<p>Ciudad de M\u00e9xico, a 22 de marzo de 2025.- A casi cuatro a\u00f1os de la desaparici\u00f3n forzada de la activista y defensora de los derechos humanos Claudia Uruchurtu Cruz en Nochixtl\u00e1n, Oaxaca, las autoridades contin\u00faan sin dar respuesta a la pregunta \u00bfD\u00f3nde est\u00e1 Claudia Uruchurtu?<\/p>\n\n\n\n<p>El 26 de marzo de 2021, Claudia Uruchurtu Cruz, una mujer de entonces 47 a\u00f1os de edad, fue desaparecida en Nochixtl\u00e1n, regi\u00f3n mixteca del estado de Oaxaca, presuntamente por \u00f3rdenes de la entonces presidenta municipal, Lizbeth Victoria Huerta.<\/p>\n\n\n\n<p>Elizabeth y Sara&nbsp; Uruchurtu, hermanas de Claudia, contin\u00faan denunciando la impunidad, corrupci\u00f3n y compa\u00f1erismo que ha dificultado el acceso a la justicia.&nbsp;<\/p>\n\n\n\n<p>\u00bfQU\u00c9 SE SABE&#8217;<\/p>\n\n\n\n<p>El d\u00eda de su desaparici\u00f3n Claudia Uruchurtu participaba en una manifestaci\u00f3n en la plaza central de Asunci\u00f3n Nochixtl\u00e1n. Al terminar el evento, Claudia fue forzada por supuestos elementos de seguridad a subir a una camioneta de color rojo, seg\u00fan document\u00f3 el Instituto Mexicano de Derechos Humanos y Democracia (IMDHD).&nbsp;<\/p>\n\n\n\n<p>En julio de 2021, Lizbeth Victoria Huerta, junto con tres personas c\u00f3mplices, dos con las iniciales de J. R. M. M. y J. A. H. M, fueron detenidos y vinculados a proceso en Nochixtl\u00e1n.<\/p>\n\n\n\n<p>Un a\u00f1o despu\u00e9s, el 7 de diciembre de 2022, Lizbeth Victoria Huerta fue declarada culpable por la desaparici\u00f3n de la activista, sin embargo, no fue por el delito de desaparici\u00f3n forzada; el jueves 15 de diciembre la jueza que hab\u00eda declarado culpable a Victoria Huerta reclasific\u00f3 de desaparici\u00f3n forzada por obstrucci\u00f3n en la b\u00fasqueda, lo que redujo la penalidad a 4 a\u00f1os y 2 meses de prisi\u00f3n, como document\u00f3 La Silla Rota&nbsp;en diciembre del 2024.<\/p>\n\n\n\n<p>El pasado 13 de diciembre de 2024, Elizabeth y Sara Uruchurtu, hermanas de la activista, exhortaron a la presidenta, Claudia Sheinbaum intervenir en el caso despu\u00e9s de que Victoria Huerta fuera liberada de prisi\u00f3n preventiva por la Sala de Justicia Ind\u00edgena y el Tribunal Superior de Justicia del Estado de Oaxaca, quienes modificaron el delito de desaparici\u00f3n forzada por obstrucci\u00f3n de la justicia en 2023 y redujeron la sentencia, una que era completamente pobre en comparaci\u00f3n a la de los de cuarenta y sesenta a\u00f1os que se le dieron a tres y una personas c\u00f3mplices en el caso, respectivamente.&nbsp;<\/p>\n\n\n\n<p>\u201cNuestra voz en este comunicado es de enojo e impotencia, porque sabemos que tenemos la raz\u00f3n\u2026 tambi\u00e9n de dolor, porque quer\u00edamos un cambio en nuestro Estado\u2026pero a pesar de ello queremos decirle al Gobierno del Estado, a la Presidenta del Tribunal, a la Magistrada y Magistrados, inclusive a la Presidenta de la Rep\u00fablica, que esto no nos va a detener en nuestra exigencia de la verdad, justicia y reparaci\u00f3n\u201d, se lee en el comunicado firmado por las hermanas con fecha del 13 de diciembre.<\/p>\n\n\n\n<p>A pesar de que la vinculaci\u00f3n a proceso por el delito de desaparici\u00f3n de Lizbeth Victoria Huerta fue el primer caso en Oaxaca en que la autoridad municipal era juzgada, su liberaci\u00f3n y la reclasificaci\u00f3n del delito fue una muestra clara de impunidad y de el duro camino que atraviesan los familiares de las personas desaparecidas por el acceso a la justicia.&nbsp;<\/p>\n\n\n\n<p>(Informaci\u00f3n del sitio \u201cLa cadera de Eva\u201d)<\/p>\n","protected":false},"excerpt":{"rendered":"<p>Redacci\u00f3n\/Zona Roja Cdmx. Ciudad de M\u00e9xico, a 22 de marzo de 2025.- A casi cuatro&hellip;<\/p>\n","protected":false},"author":2,"featured_media":72634,"comment_status":"closed","ping_status":"open","sticky":false,"template":"","format":"standard","meta":{"_lmt_disableupdate":"","_lmt_disable":"","_jetpack_memberships_contains_paid_content":false,"footnotes":""},"categories":[109,47],"tags":[2582],"class_list":["post-78669","post","type-post","status-publish","format-standard","has-post-thumbnail","hentry","category-minuto-a-minuto","category-zona-gris","tag-claudia-uruchurtu-cruz"],"jetpack_featured_media_url":"https:\/\/zonaroja.com.mx\/wp-content\/uploads\/2024\/09\/Claudia-Uruchurtu-Cruz.jpg","jetpack_sharing_enabled":true,"_links":{"self":[{"href":"https:\/\/zonaroja.com.mx\/index.php?rest_route=\/wp\/v2\/posts\/78669","targetHints":{"allow":["GET"]}}],"collection":[{"href":"https:\/\/zonaroja.com.mx\/index.php?rest_route=\/wp\/v2\/posts"}],"about":[{"href":"https:\/\/zonaroja.com.mx\/index.php?rest_route=\/wp\/v2\/types\/post"}],"author":[{"embeddable":true,"href":"https:\/\/zonaroja.com.mx\/index.php?rest_route=\/wp\/v2\/users\/2"}],"replies":[{"embeddable":true,"href":"https:\/\/zonaroja.com.mx\/index.php?rest_route=%2Fwp%2Fv2%2Fcomments&post=78669"}],"version-history":[{"count":1,"href":"https:\/\/zonaroja.com.mx\/index.php?rest_route=\/wp\/v2\/posts\/78669\/revisions"}],"predecessor-version":[{"id":78670,"href":"https:\/\/zonaroja.com.mx\/index.php?rest_route=\/wp\/v2\/posts\/78669\/revisions\/78670"}],"wp:featuredmedia":[{"embeddable":true,"href":"https:\/\/zonaroja.com.mx\/index.php?rest_route=\/wp\/v2\/media\/72634"}],"wp:attachment":[{"href":"https:\/\/zonaroja.com.mx\/index.php?rest_route=%2Fwp%2Fv2%2Fmedia&parent=78669"}],"wp:term":[{"taxonomy":"category","embeddable":true,"href":"https:\/\/zonaroja.com.mx\/index.php?rest_route=%2Fwp%2Fv2%2Fcategories&post=78669"},{"taxonomy":"post_tag","embeddable":true,"href":"https:\/\/zonaroja.com.mx\/index.php?rest_route=%2Fwp%2Fv2%2Ftags&post=78669"}],"curies":[{"name":"wp","href":"https:\/\/api.w.org\/{rel}","templated":true}]}}