{"id":7867,"date":"2020-01-20T17:31:10","date_gmt":"2020-01-20T23:31:10","guid":{"rendered":"http:\/\/www.zonaroja.com.mx\/?p=7867"},"modified":"2020-01-20T17:31:29","modified_gmt":"2020-01-20T23:31:29","slug":"resistencia-de-fiscalia-en-feminicidio-de-ivanna-acusa-abogado","status":"publish","type":"post","link":"https:\/\/zonaroja.com.mx\/?p=7867","title":{"rendered":"Resistencia de Fiscal\u00eda en feminicidio de Ivanna, acusa abogado"},"content":{"rendered":"\n<p>Yuridiana Sosa<\/p>\n\n\n\n<p>Oaxaca de Ju\u00e1rez, Oax., 20 de enero de\n2020.- Con la justificaci\u00f3n de un supuesto certificado m\u00e9dico por padecer\ndengue, Alfredo Delgado Cervantes, imputado por la muerte de Ivanna Mingo\nL\u00f3pez, no se present\u00f3 a la audiencia programada para este lunes.<\/p>\n\n\n\n<p>A casi 15 meses del accidente donde\nIvanna muri\u00f3 y del cual se se\u00f1ala como primer responsable a su ex novio al no llevarla\na recibir atenci\u00f3n m\u00e9dica, el caso avanza contra corriente debido a la \u201cresistencia\u201d\nde la Fiscal\u00eda para judicializar m\u00e1s delitos contra el joven, se\u00f1al\u00f3 el abogado\nde la familia Mingo L\u00f3pez.<\/p>\n\n\n\n<p>Durante la audiencia se dictar\u00eda la\nimputaci\u00f3n de delitos de destrucci\u00f3n y alteraci\u00f3n de evidencias, pero, adem\u00e1s,\ntambi\u00e9n se procura la judializaci\u00f3n de otros como son ocultamiento de cad\u00e1ver y\nabandono de persona.<\/p>\n\n\n\n<p>Alfredo Delgado es acusado de la muerte\nde Ivanna pues tras el accidente la madrugada del 21 de octubre de 2018, el\njoven evit\u00f3 llevarla por atenci\u00f3n m\u00e9dica inmediata; fue hasta dos horas despu\u00e9s\nde la muerte, de acuerdo a la autopsia, que el ex novio arrib\u00f3 al Hospital\nCivil \u201cDr. Aurelio Valdivieso\u201d, donde adem\u00e1s abandon\u00f3 el cuerpo al interior del\nveh\u00edculo chocado.<\/p>\n\n\n\n<p>El defensor recalc\u00f3 que persiste la\n\u201cprotecci\u00f3n o ignorancia\u201d por parte de la Fiscal\u00eda General del Estado a favor\ndel imputado, pues no agiliza en las investigaciones por el hecho a pesar de\nlas diversas pruebas presentadas en las que se evidencia su responsabilidad.<\/p>\n\n\n\n<p>Para la audiencia de este lunes, la\ndefensa del imputado present\u00f3 un certificado m\u00e9dico que justifica a Delgado\nCervantes como portador de dengue, sin embargo, el abogado de la familia Mingo\nL\u00f3pez investigar\u00e1 si corresponde a un justificante real.<\/p>\n\n\n\n<p>El documento m\u00e9dico presentado es de un\nm\u00e9dico particular, adem\u00e1s que no se evidenciaron las pruebas de laboratorio que\nden certeza al hecho, entre otros aspectos que analizaran; de ser falsos, dijo\nel abogado, demandar\u00e1n al m\u00e9dico, as\u00ed como a Alfredo por presentar documentos\nfalsos.<\/p>\n\n\n\n<p>\u201cVeo miedo de enfrentar a la justicia\npor m\u00e1s delitos\u201d, dijo el abogado al salir del juzgado del Tribunal Superior de\nJusticia, en Ciudad Judicial, donde se llevar\u00eda a cabo audiencia del hijo de la\nex delegada de la Procuradur\u00eda Federal del Consumidor (Profeco), Rebeca\nCervantes.<\/p>\n","protected":false},"excerpt":{"rendered":"<p>Yuridiana Sosa Oaxaca de Ju\u00e1rez, Oax., 20 de enero de 2020.- Con la justificaci\u00f3n de&hellip;<\/p>\n","protected":false},"author":2,"featured_media":7868,"comment_status":"closed","ping_status":"open","sticky":false,"template":"","format":"standard","meta":{"_lmt_disableupdate":"","_lmt_disable":"","_jetpack_memberships_contains_paid_content":false,"footnotes":""},"categories":[109,51],"tags":[1305,93],"class_list":["post-7867","post","type-post","status-publish","format-standard","has-post-thumbnail","hentry","category-minuto-a-minuto","category-zona-roja","tag-alfredo-delgado-cervantes","tag-ivanna-mingo"],"jetpack_featured_media_url":"https:\/\/zonaroja.com.mx\/wp-content\/uploads\/2020\/01\/Ivanna-Mingo.jpg","jetpack_sharing_enabled":true,"_links":{"self":[{"href":"https:\/\/zonaroja.com.mx\/index.php?rest_route=\/wp\/v2\/posts\/7867","targetHints":{"allow":["GET"]}}],"collection":[{"href":"https:\/\/zonaroja.com.mx\/index.php?rest_route=\/wp\/v2\/posts"}],"about":[{"href":"https:\/\/zonaroja.com.mx\/index.php?rest_route=\/wp\/v2\/types\/post"}],"author":[{"embeddable":true,"href":"https:\/\/zonaroja.com.mx\/index.php?rest_route=\/wp\/v2\/users\/2"}],"replies":[{"embeddable":true,"href":"https:\/\/zonaroja.com.mx\/index.php?rest_route=%2Fwp%2Fv2%2Fcomments&post=7867"}],"version-history":[{"count":1,"href":"https:\/\/zonaroja.com.mx\/index.php?rest_route=\/wp\/v2\/posts\/7867\/revisions"}],"predecessor-version":[{"id":7869,"href":"https:\/\/zonaroja.com.mx\/index.php?rest_route=\/wp\/v2\/posts\/7867\/revisions\/7869"}],"wp:featuredmedia":[{"embeddable":true,"href":"https:\/\/zonaroja.com.mx\/index.php?rest_route=\/wp\/v2\/media\/7868"}],"wp:attachment":[{"href":"https:\/\/zonaroja.com.mx\/index.php?rest_route=%2Fwp%2Fv2%2Fmedia&parent=7867"}],"wp:term":[{"taxonomy":"category","embeddable":true,"href":"https:\/\/zonaroja.com.mx\/index.php?rest_route=%2Fwp%2Fv2%2Fcategories&post=7867"},{"taxonomy":"post_tag","embeddable":true,"href":"https:\/\/zonaroja.com.mx\/index.php?rest_route=%2Fwp%2Fv2%2Ftags&post=7867"}],"curies":[{"name":"wp","href":"https:\/\/api.w.org\/{rel}","templated":true}]}}