{"id":78671,"date":"2025-03-22T13:41:00","date_gmt":"2025-03-22T19:41:00","guid":{"rendered":"https:\/\/zonaroja.com.mx\/?p=78671"},"modified":"2025-03-22T07:44:23","modified_gmt":"2025-03-22T13:44:23","slug":"pensamiento-de-juarez-guia-a-la-4t-asegura-sheinbaum","status":"publish","type":"post","link":"https:\/\/zonaroja.com.mx\/?p=78671","title":{"rendered":"Pensamiento de Ju\u00e1rez gu\u00eda a la 4T, asegura Sheinbaum\u00a0"},"content":{"rendered":"\n<p>Redacci\u00f3n\/Zona Roja Cdmx.<\/p>\n\n\n\n<p>Ciudad de M\u00e9xico, a 22 de marzo de 2025.- La conmemoraci\u00f3n del 219 aniversario del natalicio de Benito Ju\u00e1rez sirvi\u00f3 de escenario a la presidenta Claudia Sheinbaum para reivindicar que en la esencia de la Cuarta Transformaci\u00f3n se encuentra el pensamiento juarista: \u201cahora estamos ante una gran transformaci\u00f3n en el pa\u00eds; quiz\u00e1 Ju\u00e1rez hubiera so\u00f1ado la elecci\u00f3n por voto popular del Poder Judicial. \u00bfQu\u00e9 queremos para la Corte? Muchos Benito Ju\u00e1rez\u201d.<\/p>\n\n\n\n<p>Desde la tierra donde naci\u00f3 el Benem\u00e9rito de las Am\u00e9ricas, la mandataria proclam\u00f3 el juarismo cuatrote\u00edsta porque \u201ccuando decimos por el bien de todos primero los pobres, est\u00e1 el pensamiento de la justicia de Ju\u00e1rez\u201d, de la misma manera que cuando se aplica su gran pensamiento \u201ccon el pueblo todo, sin el pueblo nada\u201d. Es un principio, dijo, que rige a su movimiento<\/p>\n\n\n\n<p>Sheinbaum se abri\u00f3 espacio para destacar la gesti\u00f3n del presidente Andr\u00e9s Manuel L\u00f3pez Obrador, quien se gui\u00f3 por las proclamas juaristas, Hizo referencia a una de las mayores aportaciones del Benem\u00e9rito al pa\u00eds: la separaci\u00f3n Iglesia-Estado, y record\u00f3 que L\u00f3pez Obrador \u201chablo de un pensamiento que gu\u00eda a la Cuarta Transformaci\u00f3n, cuya esencia es la separaci\u00f3n del poder pol\u00edtico del poder econ\u00f3mico. Durante todo el periodo neoliberal gobernaron unos cuantos y se gobern\u00f3 para unos cuantos\u201d.<\/p>\n\n\n\n<p>Entre los asistentes destacaron los integrantes de la secci\u00f3n 22 de Coordinadora Nacional de Trabajadores de la Educaci\u00f3n, quienes lanzaron algunos gritos aislados reivindicando la lucha magisterial. Con pancartas de colores encendidos, expresaron las principales demandas de su movilizaci\u00f3n actual respecto a la iniciativa de reforma a la Ley del Issste y su exigencia de jubilaci\u00f3n por a\u00f1os de servicio.<\/p>\n\n\n\n<p>En su discurso, la mandataria asegur\u00f3 que el pensamiento juarista est\u00e1 m\u00e1s vigente que nunca, y sin mencionar expresamente la coyuntura que enfrenta a M\u00e9xico y Estados Unidos, apunt\u00f3 que \u201cJuarez est\u00e1 en el coraz\u00f3n de los mexicanos\u201d que defienden un pa\u00eds libre, independiente y soberano. \u201cNo somos colonia ni protectorado de nadie. Somos una naci\u00f3n independiente. Hoy m\u00e1s que nunca resuenan las palabras de Ju\u00e1rez: \u201centre los individuos como entre las naciones, el respeto al derecho ajeno es la paz\u201d.<\/p>\n\n\n\n<p>Sheinbaum hil\u00f3 una serie de paralelismos entre proclamas juaristas y lo que busca poner en pr\u00e1ctica, como austeridad republicana y otra m\u00e1xima del Benem\u00e9rito: \u201ccon el pueblo todo, sin el pueblo nada\u201d.<\/p>\n\n\n\n<p>Poco antes de encabezar el acto en Guelatao, la Presidenta recorri\u00f3 una parte del Camino de Benito Ju\u00e1rez, que se construy\u00f3 durante el gobierno de L\u00f3pez Obrador.<\/p>\n\n\n\n<p>M\u00e1s tarde, se dirigi\u00f3 a San Bartolo Coyotepec para inaugurar una nueva etapa del Hospital General de la Mujer y el Ni\u00f1o Oaxaque\u00f1os.<\/p>\n\n\n\n<p>Ah\u00ed habl\u00f3 de la prioridad de su gobierno de fortalecer los tres sistemas de salud p\u00fablica: IMSS, IMSS-Bienestar e Issste.<\/p>\n","protected":false},"excerpt":{"rendered":"<p>Redacci\u00f3n\/Zona Roja Cdmx. Ciudad de M\u00e9xico, a 22 de marzo de 2025.- La conmemoraci\u00f3n del&hellip;<\/p>\n","protected":false},"author":2,"featured_media":78672,"comment_status":"closed","ping_status":"open","sticky":false,"template":"","format":"standard","meta":{"_lmt_disableupdate":"","_lmt_disable":"","_jetpack_memberships_contains_paid_content":false,"footnotes":""},"categories":[109,46],"tags":[4259],"class_list":["post-78671","post","type-post","status-publish","format-standard","has-post-thumbnail","hentry","category-minuto-a-minuto","category-zona-blanca","tag-claudia-sheinbau"],"jetpack_featured_media_url":"https:\/\/zonaroja.com.mx\/wp-content\/uploads\/2025\/03\/Claudia-Sheinbaum-Guelatao-Juarez.jpeg","jetpack_sharing_enabled":true,"_links":{"self":[{"href":"https:\/\/zonaroja.com.mx\/index.php?rest_route=\/wp\/v2\/posts\/78671","targetHints":{"allow":["GET"]}}],"collection":[{"href":"https:\/\/zonaroja.com.mx\/index.php?rest_route=\/wp\/v2\/posts"}],"about":[{"href":"https:\/\/zonaroja.com.mx\/index.php?rest_route=\/wp\/v2\/types\/post"}],"author":[{"embeddable":true,"href":"https:\/\/zonaroja.com.mx\/index.php?rest_route=\/wp\/v2\/users\/2"}],"replies":[{"embeddable":true,"href":"https:\/\/zonaroja.com.mx\/index.php?rest_route=%2Fwp%2Fv2%2Fcomments&post=78671"}],"version-history":[{"count":1,"href":"https:\/\/zonaroja.com.mx\/index.php?rest_route=\/wp\/v2\/posts\/78671\/revisions"}],"predecessor-version":[{"id":78673,"href":"https:\/\/zonaroja.com.mx\/index.php?rest_route=\/wp\/v2\/posts\/78671\/revisions\/78673"}],"wp:featuredmedia":[{"embeddable":true,"href":"https:\/\/zonaroja.com.mx\/index.php?rest_route=\/wp\/v2\/media\/78672"}],"wp:attachment":[{"href":"https:\/\/zonaroja.com.mx\/index.php?rest_route=%2Fwp%2Fv2%2Fmedia&parent=78671"}],"wp:term":[{"taxonomy":"category","embeddable":true,"href":"https:\/\/zonaroja.com.mx\/index.php?rest_route=%2Fwp%2Fv2%2Fcategories&post=78671"},{"taxonomy":"post_tag","embeddable":true,"href":"https:\/\/zonaroja.com.mx\/index.php?rest_route=%2Fwp%2Fv2%2Ftags&post=78671"}],"curies":[{"name":"wp","href":"https:\/\/api.w.org\/{rel}","templated":true}]}}