{"id":78675,"date":"2025-03-23T07:30:00","date_gmt":"2025-03-23T13:30:00","guid":{"rendered":"https:\/\/zonaroja.com.mx\/?p=78675"},"modified":"2025-03-23T06:21:35","modified_gmt":"2025-03-23T12:21:35","slug":"sabado-fatal-en-el-istmo-tres-ejecutados-a-balazos","status":"publish","type":"post","link":"https:\/\/zonaroja.com.mx\/?p=78675","title":{"rendered":"S\u00e1bado fatal en el Istmo: tres ejecutados a balazos"},"content":{"rendered":"\n<p>Ismael Garc\u00eda M.\/Zona Roja.<\/p>\n\n\n\n<p>Oaxaca de Ju\u00e1rez, Oax., a 23 de marzo de 2025.- Tres personas fueron asesinada a balazos ayer en la regi\u00f3n del Istmo de Tehuantepec, en menos de cinco horas.<\/p>\n\n\n\n<p>Anoche, en el Barrio Ju\u00e1rez parte alta del municipio de Salina Cruz, fueron ejecutados dos individuos cuya identidad a\u00fan se desconoce.<\/p>\n\n\n\n<p>Los cuerpos fueron localizados por las corporaciones policiacas en la calle Perif\u00e9rico esquina con Prolongaci\u00f3n Puerto \u00c1ngel y presentaban m\u00faltiples impactos de arma de fuego.<\/p>\n\n\n\n<p>Poco antes, durante la tarde pero en el municipio de Santo Domingo Tehuantepec, fue acribillada una persona del sexo masculino.<\/p>\n\n\n\n<p>La v\u00edctima fue identificada posteriormente como Luis Antonio S. S., conocido como \u201cMala Hierba\u201d, quien contaba con 32 a\u00f1os de edad.<\/p>\n\n\n\n<p>Fue atacado a balazos sobre la calle Cuautla del barrio San Juanico, por parte de sujetos desconocidos que de inmediato huyeron de la zona.<\/p>\n\n\n\n<p>En ambos casos no hay reporte de personas detenidas y la Fiscal\u00eda General del Estado de Oaxaca, a trav\u00e9s de su Vicefiscal\u00eda Regional del Istmo, inici\u00f3 con las respectivas investigaciones, con la finalidad de dar con el paradero de los agresores.<\/p>\n","protected":false},"excerpt":{"rendered":"<p>Ismael Garc\u00eda M.\/Zona Roja. Oaxaca de Ju\u00e1rez, Oax., a 23 de marzo de 2025.- Tres&hellip;<\/p>\n","protected":false},"author":2,"featured_media":78676,"comment_status":"closed","ping_status":"open","sticky":false,"template":"","format":"standard","meta":{"_lmt_disableupdate":"","_lmt_disable":"","_jetpack_memberships_contains_paid_content":false,"footnotes":""},"categories":[109,51],"tags":[533,4053],"class_list":["post-78675","post","type-post","status-publish","format-standard","has-post-thumbnail","hentry","category-minuto-a-minuto","category-zona-roja","tag-asesinado-en-tehuantepec","tag-asesinato-salina-cruz"],"jetpack_featured_media_url":"https:\/\/zonaroja.com.mx\/wp-content\/uploads\/2025\/03\/Ejecutado-barrio-San-Juanico-Salina-Cruz.jpeg","jetpack_sharing_enabled":true,"_links":{"self":[{"href":"https:\/\/zonaroja.com.mx\/index.php?rest_route=\/wp\/v2\/posts\/78675","targetHints":{"allow":["GET"]}}],"collection":[{"href":"https:\/\/zonaroja.com.mx\/index.php?rest_route=\/wp\/v2\/posts"}],"about":[{"href":"https:\/\/zonaroja.com.mx\/index.php?rest_route=\/wp\/v2\/types\/post"}],"author":[{"embeddable":true,"href":"https:\/\/zonaroja.com.mx\/index.php?rest_route=\/wp\/v2\/users\/2"}],"replies":[{"embeddable":true,"href":"https:\/\/zonaroja.com.mx\/index.php?rest_route=%2Fwp%2Fv2%2Fcomments&post=78675"}],"version-history":[{"count":1,"href":"https:\/\/zonaroja.com.mx\/index.php?rest_route=\/wp\/v2\/posts\/78675\/revisions"}],"predecessor-version":[{"id":78677,"href":"https:\/\/zonaroja.com.mx\/index.php?rest_route=\/wp\/v2\/posts\/78675\/revisions\/78677"}],"wp:featuredmedia":[{"embeddable":true,"href":"https:\/\/zonaroja.com.mx\/index.php?rest_route=\/wp\/v2\/media\/78676"}],"wp:attachment":[{"href":"https:\/\/zonaroja.com.mx\/index.php?rest_route=%2Fwp%2Fv2%2Fmedia&parent=78675"}],"wp:term":[{"taxonomy":"category","embeddable":true,"href":"https:\/\/zonaroja.com.mx\/index.php?rest_route=%2Fwp%2Fv2%2Fcategories&post=78675"},{"taxonomy":"post_tag","embeddable":true,"href":"https:\/\/zonaroja.com.mx\/index.php?rest_route=%2Fwp%2Fv2%2Ftags&post=78675"}],"curies":[{"name":"wp","href":"https:\/\/api.w.org\/{rel}","templated":true}]}}