{"id":78686,"date":"2025-03-23T11:00:00","date_gmt":"2025-03-23T17:00:00","guid":{"rendered":"https:\/\/zonaroja.com.mx\/?p=78686"},"modified":"2025-03-23T06:52:51","modified_gmt":"2025-03-23T12:52:51","slug":"mecanismo-de-proteccion-a-personas-con-errores-y-problemas-en-funcionamiento","status":"publish","type":"post","link":"https:\/\/zonaroja.com.mx\/?p=78686","title":{"rendered":"Mecanismo de Protecci\u00f3n a Personas, con errores y problemas en funcionamiento"},"content":{"rendered":"\n<p>Redacci\u00f3n\/Estado 20.<\/p>\n\n\n\n<p>Oaxaca de Ju\u00e1rez, Oax., a 23 de marzo de 2025.- V\u00edctor Hugo L\u00f3pez Rodr\u00edguez, integrante del Consejo Consultivo del Mecanismo de Protecci\u00f3n para Personas Defensoras de Derechos Humanos y Periodistas, asegur\u00f3 que esta instancia federal tiene un \u201cerror de origen\u201d y graves problemas en su funcionamiento que provocan que no garantice una debida protecci\u00f3n de las v\u00edctimas.<\/p>\n\n\n\n<p>En principio, explic\u00f3, el mecanismo se resiste a reconocer que las agresiones que sufre un periodista o persona defensora est\u00e1n vinculadas a su labor. Siempre intenta sostener que las agresiones se tratan de hechos aislados o de asuntos particulares.<\/p>\n\n\n\n<p>\u201cNosotros insistimos en que es important\u00edsimo que cualquier agresi\u00f3n a periodistas y personas defensoras sea investigado como un riesgo atribuido a su labor, ya sea si entraron a tu casa, si te rompieron el cristal, si te quitaron el celular en la calle\u201d.<\/p>\n\n\n\n<p>En segundo lugar, dijo, las medidas de protecci\u00f3n que el mecanismo ofrece, generalmente son medidas materiales o de infraestructura, como c\u00e1maras instaladas en los edificios, en los domicilios, o un bot\u00f3n de emergencia, un tel\u00e9fono, chalecos, y quiz\u00e1s, rondines polic\u00edacos. Pero, se\u00f1al\u00f3 que han insistido en que es \u201cimportant\u00edsimo sentar\u201d a las autoridades o a los perpetradores, que muchas veces son servidores p\u00fablicos.<\/p>\n\n\n\n<p>Muchas veces, explica, los agresores son la polic\u00eda municipal, el agente del Ministerio P\u00fablico, un servidor p\u00fablico y estas personas \u201cno son tocadas\u201d, simplemente contin\u00faan realizando su trabajo y representan un riesgo para las v\u00edctimas.<\/p>\n\n\n\n<p>\u201cEntonces, el mecanismo debe de cambiar su enfoque y debe de atender las fuentes de riesgo. Est\u00e1 bien que provean medidas materiales, pero es importante que atiendan las fuentes de riesgo espec\u00edfico\u201d, apunt\u00f3.<\/p>\n\n\n\n<p>V\u00edctor Hugo L\u00f3pez, quien tambi\u00e9n forma parte de la Red Nacional de Organismos Civiles de Derechos Humanos (Red TDT), opin\u00f3 que el Mecanismo de Protecci\u00f3n \u00fanicamente es un \u201csalvavidas\u201d para situaciones de emergencia, y para lo cual, \u201cquiz\u00e1 s\u00ed ha funcionado\u201d.<\/p>\n\n\n\n<p>Cuando una persona tiene un riesgo inminente, detall\u00f3, el mecanismo bajo la presi\u00f3n del propio periodista, de organizaciones y del consejo consultivo, lo que hace es resguardarlo. De alguna manera, o lo saca o le manda polic\u00edas o habla con las autoridades y dice, Oye, b\u00e1jale ah\u00ed porque ya se abri\u00f3 de nivel el tema. Entonces, le lanza un salvavidas\u201d.<\/p>\n\n\n\n<p>Sin embargo, sostuvo que no se necesita un \u201csalvavidas\u201d, sino que se garantice a los periodistas y personas defensoras contin\u00faen realizando su labor, porque estos ataques en su contra pueden ser del crimen organizado y autoridades, quienes tienen como objetivo que dejen su labor, que la persona defensora o el periodista deje de publicar, deje de denunciar.<\/p>\n\n\n\n<p>\u201cNosotros hemos insistido con el mecanismo eso, que deber\u00eda de garantizar las condiciones para que periodistas y personas defensoras puedan seguir realizando su labor, no solo que le salve la vida unas horas o unos d\u00edas, porque al cabo y a la vuelta de la esquina vamos a ver lo que ha sucedido con colegas.<\/p>\n\n\n\n<p>\u201cEl mecanismo tiene graves falencias, de verdad tiene graves problemas de funcionamiento, lo hemos se\u00f1alado, contin\u00faan siendo incorporadas m\u00e1s personas\u201d.<\/p>\n\n\n\n<p>El activista critic\u00f3 que los titulares del Mecanismo de Protecci\u00f3n se \u201cjacten\u201d presumiendo el n\u00famero de personas incorporadas y que cada vez agregan a m\u00e1s. Actualmente, tres mil 500 personas est\u00e1n incorporadas a este mecanismo.<\/p>\n\n\n\n<p>\u201cDicen ellos: \u2018Estamos incorporando a m\u00e1s\u2019. Pues lejos de ser un dato que pueda alegrar, les deber\u00eda de dar verg\u00fcenza, porque en realidad est\u00e1n incorporando a m\u00e1s personas que no pueden realizar su trabajo en condiciones seguras\u201d.<\/p>\n\n\n\n<p>Adem\u00e1s, L\u00f3pez Rodr\u00edguez afirm\u00f3 que el propio gobierno federal reconoce que hay zonas del pa\u00eds que son ingobernables por los intereses pol\u00edticos y los del crimen organizado. Hay zonas y localidades en el pa\u00eds que el nivel de violencia es tal que ni el gobierno puede controlar, y en las que tampoco conocen el contexto.<\/p>\n\n\n\n<p>En Oaxaca, asegur\u00f3, hay \u201czonas y localidades ingobernables\u201d como aquella donde desapareci\u00f3 la activista Sandra Dom\u00ednguez, y en la que ha sido desplazada de manera forzosa la defensora Silvia P\u00e9rez, es decir, en Mar\u00eda Lombardo de Caso del municipio de San Juan Cotzoc\u00f3n Mixe.<\/p>\n\n\n\n<p>\u201cSi vemos un poco la radiograf\u00eda de agresiones que han ocurrido en los \u00faltimos dos meses, pienso en el Istmo de Tehuantepec, pienso en el norte de Oaxaca, en la zona con l\u00edmites de Veracruz, la capital a\u00fan con nuestras compa\u00f1eras defensoras que viven ac\u00e1, este son zonas en las que han ocurrido m\u00e1s\u201d.<\/p>\n","protected":false},"excerpt":{"rendered":"<p>Redacci\u00f3n\/Estado 20. Oaxaca de Ju\u00e1rez, Oax., a 23 de marzo de 2025.- V\u00edctor Hugo L\u00f3pez&hellip;<\/p>\n","protected":false},"author":2,"featured_media":78687,"comment_status":"closed","ping_status":"open","sticky":false,"template":"","format":"standard","meta":{"_lmt_disableupdate":"","_lmt_disable":"","_jetpack_memberships_contains_paid_content":false,"footnotes":""},"categories":[109,46],"tags":[1149],"class_list":["post-78686","post","type-post","status-publish","format-standard","has-post-thumbnail","hentry","category-minuto-a-minuto","category-zona-blanca","tag-mecanismo-de-proteccion-a-periodistas"],"jetpack_featured_media_url":"https:\/\/zonaroja.com.mx\/wp-content\/uploads\/2025\/03\/Mecanismo-para-la-proteccion-de-periodistas-y-defensores.jpg","jetpack_sharing_enabled":true,"_links":{"self":[{"href":"https:\/\/zonaroja.com.mx\/index.php?rest_route=\/wp\/v2\/posts\/78686","targetHints":{"allow":["GET"]}}],"collection":[{"href":"https:\/\/zonaroja.com.mx\/index.php?rest_route=\/wp\/v2\/posts"}],"about":[{"href":"https:\/\/zonaroja.com.mx\/index.php?rest_route=\/wp\/v2\/types\/post"}],"author":[{"embeddable":true,"href":"https:\/\/zonaroja.com.mx\/index.php?rest_route=\/wp\/v2\/users\/2"}],"replies":[{"embeddable":true,"href":"https:\/\/zonaroja.com.mx\/index.php?rest_route=%2Fwp%2Fv2%2Fcomments&post=78686"}],"version-history":[{"count":1,"href":"https:\/\/zonaroja.com.mx\/index.php?rest_route=\/wp\/v2\/posts\/78686\/revisions"}],"predecessor-version":[{"id":78688,"href":"https:\/\/zonaroja.com.mx\/index.php?rest_route=\/wp\/v2\/posts\/78686\/revisions\/78688"}],"wp:featuredmedia":[{"embeddable":true,"href":"https:\/\/zonaroja.com.mx\/index.php?rest_route=\/wp\/v2\/media\/78687"}],"wp:attachment":[{"href":"https:\/\/zonaroja.com.mx\/index.php?rest_route=%2Fwp%2Fv2%2Fmedia&parent=78686"}],"wp:term":[{"taxonomy":"category","embeddable":true,"href":"https:\/\/zonaroja.com.mx\/index.php?rest_route=%2Fwp%2Fv2%2Fcategories&post=78686"},{"taxonomy":"post_tag","embeddable":true,"href":"https:\/\/zonaroja.com.mx\/index.php?rest_route=%2Fwp%2Fv2%2Ftags&post=78686"}],"curies":[{"name":"wp","href":"https:\/\/api.w.org\/{rel}","templated":true}]}}