{"id":78689,"date":"2025-03-23T11:53:00","date_gmt":"2025-03-23T17:53:00","guid":{"rendered":"https:\/\/zonaroja.com.mx\/?p=78689"},"modified":"2025-03-23T07:03:31","modified_gmt":"2025-03-23T13:03:31","slug":"respalda-legislativo-consultas-con-pueblos-para-crear-nueva-constitucion","status":"publish","type":"post","link":"https:\/\/zonaroja.com.mx\/?p=78689","title":{"rendered":"Respalda Legislativo consultas con pueblos para crear nueva Constituci\u00f3n\u00a0"},"content":{"rendered":"\n<p>Redacci\u00f3n\/Zona Roja.<\/p>\n\n\n\n<p>Oaxaca de Ju\u00e1rez, Oax., a 23 de marzo de 2025.- De cara a la creaci\u00f3n de una nueva constituci\u00f3n para la entidad, el coordinador del Grupo Parlamentario de Morena en la 66 Legislatura del Congreso local, Benjam\u00edn Viveros Montalvo, destac\u00f3 que en los Encuentros Informativos y de Participaci\u00f3n Social y Ciudadana que se han realizado en el estado, han sido escuchadas las propuestas de todos los sectores sociales, acad\u00e9micos y empresariales, as\u00ed como las voces de los pueblos originarios, con el prop\u00f3sito de integrar sus planteamientos y fortalecer esta Carta Magna que se gesta, ponderando los valores de justicia, igualdad y respeto a los derechos humanos.&nbsp;<\/p>\n\n\n\n<p>Destac\u00f3 que las y los diputados de Morena han estado presentes en los foros de la Heroica Ciudad de Juchit\u00e1n de Zaragoza, Puerto Escondido, Miahuatl\u00e1n de Porfirio D\u00edaz, Teotitl\u00e1n de Flores Mag\u00f3n, Ixtl\u00e1n de Ju\u00e1rez, San Juan Bautista Tuxtepec, Heroica Ciudad de Huajuapan de Le\u00f3n, Santa Luc\u00eda del Camino, as\u00ed como, en los encuentros tem\u00e1ticos con la participaci\u00f3n de las y los j\u00f3venes \u201cporque en la Cuarta Transformaci\u00f3n tenemos claro la importancia de escuchar a las comunidades para construir juntas y juntos nuestra nueva Constituci\u00f3n\u201d, dijo.&nbsp;<\/p>\n\n\n\n<p>Refiri\u00f3 que esto ha sido posible, gracias a la convocatoria hecha por la Comisi\u00f3n Estatal para la Conmemoraci\u00f3n del Bicentenario de la Primera Constituci\u00f3n del Estado Libre y Soberano de Oaxaca, para acudir a las comunidades a recabar todas las expresiones e inquietudes del pueblo que permitir\u00e1n contar con una Carta Magna con una visi\u00f3n intercultural, acorde a los desaf\u00edos econ\u00f3micos, sociales y pol\u00edticos actuales.&nbsp;<\/p>\n\n\n\n<p>En este sentido, Viveros Montalvo se\u00f1al\u00f3 que, con entusiasmo y alegr\u00eda, se han tenido estos encuentros, resaltando la participaci\u00f3n de la ni\u00f1ez, juventudes y las mujeres \u201cestamos construyendo entre todas y todos la Constituci\u00f3n que refleje fielmente nuestra rica diversidad \u00e9tnica, cultural y ling\u00fc\u00edstica\u201d.&nbsp;<\/p>\n\n\n\n<p>Tambi\u00e9n resalt\u00f3 que, por primera vez, las voces del pueblo son protagonistas en la modificaci\u00f3n de las leyes, con el fin de asegurar que respondan a las necesidades reales, incluyendo a los pueblos y comunidades ind\u00edgenas y afromexicanas.&nbsp;<\/p>\n\n\n\n<p>\u201cReafirmamos nuestro compromiso con la construcci\u00f3n de un Oaxaca m\u00e1s democr\u00e1tico, transparente, con gobernanza e inclusi\u00f3n de las voces de todos los sectores sociales\u201d, puntualiz\u00f3.<\/p>\n\n\n\n<p>Dentro de los temas que se han abordado en el contexto de estas actividades destaca el de la Historia de las Constituciones de Oaxaca y Propuestas de Reforma a la Constituci\u00f3n de 1922.<\/p>\n","protected":false},"excerpt":{"rendered":"<p>Redacci\u00f3n\/Zona Roja. Oaxaca de Ju\u00e1rez, Oax., a 23 de marzo de 2025.- De cara a&hellip;<\/p>\n","protected":false},"author":2,"featured_media":78690,"comment_status":"closed","ping_status":"open","sticky":false,"template":"","format":"standard","meta":{"_lmt_disableupdate":"","_lmt_disable":"","_jetpack_memberships_contains_paid_content":false,"footnotes":""},"categories":[109,46],"tags":[3664],"class_list":["post-78689","post","type-post","status-publish","format-standard","has-post-thumbnail","hentry","category-minuto-a-minuto","category-zona-blanca","tag-benjamin-viveros-montalvo"],"jetpack_featured_media_url":"https:\/\/zonaroja.com.mx\/wp-content\/uploads\/2025\/03\/Diputados-foros-nueva-constitucion.jpg","jetpack_sharing_enabled":true,"_links":{"self":[{"href":"https:\/\/zonaroja.com.mx\/index.php?rest_route=\/wp\/v2\/posts\/78689","targetHints":{"allow":["GET"]}}],"collection":[{"href":"https:\/\/zonaroja.com.mx\/index.php?rest_route=\/wp\/v2\/posts"}],"about":[{"href":"https:\/\/zonaroja.com.mx\/index.php?rest_route=\/wp\/v2\/types\/post"}],"author":[{"embeddable":true,"href":"https:\/\/zonaroja.com.mx\/index.php?rest_route=\/wp\/v2\/users\/2"}],"replies":[{"embeddable":true,"href":"https:\/\/zonaroja.com.mx\/index.php?rest_route=%2Fwp%2Fv2%2Fcomments&post=78689"}],"version-history":[{"count":1,"href":"https:\/\/zonaroja.com.mx\/index.php?rest_route=\/wp\/v2\/posts\/78689\/revisions"}],"predecessor-version":[{"id":78691,"href":"https:\/\/zonaroja.com.mx\/index.php?rest_route=\/wp\/v2\/posts\/78689\/revisions\/78691"}],"wp:featuredmedia":[{"embeddable":true,"href":"https:\/\/zonaroja.com.mx\/index.php?rest_route=\/wp\/v2\/media\/78690"}],"wp:attachment":[{"href":"https:\/\/zonaroja.com.mx\/index.php?rest_route=%2Fwp%2Fv2%2Fmedia&parent=78689"}],"wp:term":[{"taxonomy":"category","embeddable":true,"href":"https:\/\/zonaroja.com.mx\/index.php?rest_route=%2Fwp%2Fv2%2Fcategories&post=78689"},{"taxonomy":"post_tag","embeddable":true,"href":"https:\/\/zonaroja.com.mx\/index.php?rest_route=%2Fwp%2Fv2%2Ftags&post=78689"}],"curies":[{"name":"wp","href":"https:\/\/api.w.org\/{rel}","templated":true}]}}