{"id":78697,"date":"2025-03-23T18:24:43","date_gmt":"2025-03-24T00:24:43","guid":{"rendered":"https:\/\/zonaroja.com.mx\/?p=78697"},"modified":"2025-03-23T18:24:45","modified_gmt":"2025-03-24T00:24:45","slug":"enfrentamiento-en-la-sierra-sur-de-oaxaca-deja-dos-muertos-y-cinco-heridos","status":"publish","type":"post","link":"https:\/\/zonaroja.com.mx\/?p=78697","title":{"rendered":"Enfrentamiento en la Sierra Sur de Oaxaca deja dos muertos y cinco heridos"},"content":{"rendered":"\n<p>Ismael Garc\u00eda M.\/Zona Roja.<\/p>\n\n\n\n<p>Oaxaca de Ju\u00e1rez, Oax., a 23 de marzo de 2025.- Derivado de una presunta invasi\u00f3n de tierras y despojo de bosque, este domingo se registr\u00f3 un enfrentamiento entre las comunidades de San Francisco Coatl\u00e1n con San Sebasti\u00e1n Coatl\u00e1n, con saldo de dos personas fallecidas y cinco lesionadas de bala.<\/p>\n\n\n\n<p>Los hechos sucedieron poco despu\u00e9s de las 10:00 horas a un costado de la supercarretera Oaxaca-Puerto Escondido, a la altura del paraje \u201cEl Limar\u201d, donde seg\u00fan las primeras versiones, pobladores de San Sebasti\u00e1n realizaban labores de limpieza y retiro de \u00e1rboles para la construcci\u00f3n de un entronque a dicha comunidad.<\/p>\n\n\n\n<p>Sin embargo, arribaron comuneros y autoridades de San Francisco que reclamaron que era su territorio, lo que deriv\u00f3 en el enfrentamiento con disparos de arma de fuego.<\/p>\n\n\n\n<p>\u201cPobladores de San Francisco Coatl\u00e1n fueron agredidos mientras realizan trabajos en los terrenos donde se construye un entronque carretero, en inmediaciones de la autopista Barranca Larga-Ventanilla\u201d, inform\u00f3 la Secretar\u00eda de Gobierno en un comunicado.&nbsp;<\/p>\n\n\n\n<p>Detall\u00f3 que, de acuerdo con el reporte recibido a trav\u00e9s del servicio de emergencia 9-1-1, este incidente se present\u00f3 cuando los habitantes de esa comunidad de la regi\u00f3n Sierra Sur acudieron a recolectar madera en el paraje \u201cEl Limar\u201d.<\/p>\n\n\n\n<p>&nbsp;En otro comunicado, el gobierno dio a conocer que cinco personas de San Francisco reciben atenci\u00f3n m\u00e9dica en el IMSS de Miahuatl\u00e1n de Porfirio D\u00edaz.<\/p>\n\n\n\n<p>\u201cA todos se les estabiliz\u00f3 el dolor, cur\u00f3 heridas y se contuvo el sangrado, ademas se inmoviliz\u00f3 por vendaje en extremidades seg\u00fan el caso\u201d, expuso.<\/p>\n\n\n\n<p>Por estos hechos, fue cerrado temporalmente el tr\u00e1nsito de veh\u00edculos a la circulaci\u00f3n vehicular.<\/p>\n\n\n\n<p>Hasta esta tarde se desconoce la situaci\u00f3n de la vialidad y tambi\u00e9n si han llegado elementos policiacos a la zona.<\/p>\n","protected":false},"excerpt":{"rendered":"<p>Ismael Garc\u00eda M.\/Zona Roja. Oaxaca de Ju\u00e1rez, Oax., a 23 de marzo de 2025.- Derivado&hellip;<\/p>\n","protected":false},"author":2,"featured_media":78698,"comment_status":"closed","ping_status":"open","sticky":false,"template":"","format":"standard","meta":{"_lmt_disableupdate":"","_lmt_disable":"","_jetpack_memberships_contains_paid_content":false,"footnotes":""},"categories":[109,47],"tags":[3486],"class_list":["post-78697","post","type-post","status-publish","format-standard","has-post-thumbnail","hentry","category-minuto-a-minuto","category-zona-gris","tag-san-francisco-coatlan"],"jetpack_featured_media_url":"https:\/\/zonaroja.com.mx\/wp-content\/uploads\/2025\/03\/Enfrentamiento-San-Sebastian-y-San-Francisco-Coatlan.jpg","jetpack_sharing_enabled":true,"_links":{"self":[{"href":"https:\/\/zonaroja.com.mx\/index.php?rest_route=\/wp\/v2\/posts\/78697","targetHints":{"allow":["GET"]}}],"collection":[{"href":"https:\/\/zonaroja.com.mx\/index.php?rest_route=\/wp\/v2\/posts"}],"about":[{"href":"https:\/\/zonaroja.com.mx\/index.php?rest_route=\/wp\/v2\/types\/post"}],"author":[{"embeddable":true,"href":"https:\/\/zonaroja.com.mx\/index.php?rest_route=\/wp\/v2\/users\/2"}],"replies":[{"embeddable":true,"href":"https:\/\/zonaroja.com.mx\/index.php?rest_route=%2Fwp%2Fv2%2Fcomments&post=78697"}],"version-history":[{"count":1,"href":"https:\/\/zonaroja.com.mx\/index.php?rest_route=\/wp\/v2\/posts\/78697\/revisions"}],"predecessor-version":[{"id":78699,"href":"https:\/\/zonaroja.com.mx\/index.php?rest_route=\/wp\/v2\/posts\/78697\/revisions\/78699"}],"wp:featuredmedia":[{"embeddable":true,"href":"https:\/\/zonaroja.com.mx\/index.php?rest_route=\/wp\/v2\/media\/78698"}],"wp:attachment":[{"href":"https:\/\/zonaroja.com.mx\/index.php?rest_route=%2Fwp%2Fv2%2Fmedia&parent=78697"}],"wp:term":[{"taxonomy":"category","embeddable":true,"href":"https:\/\/zonaroja.com.mx\/index.php?rest_route=%2Fwp%2Fv2%2Fcategories&post=78697"},{"taxonomy":"post_tag","embeddable":true,"href":"https:\/\/zonaroja.com.mx\/index.php?rest_route=%2Fwp%2Fv2%2Ftags&post=78697"}],"curies":[{"name":"wp","href":"https:\/\/api.w.org\/{rel}","templated":true}]}}