{"id":78700,"date":"2025-03-23T20:25:34","date_gmt":"2025-03-24T02:25:34","guid":{"rendered":"https:\/\/zonaroja.com.mx\/?p=78700"},"modified":"2025-03-23T20:25:36","modified_gmt":"2025-03-24T02:25:36","slug":"opinion-haikus-en-el-corredor-de-la-muerte","status":"publish","type":"post","link":"https:\/\/zonaroja.com.mx\/?p=78700","title":{"rendered":"Opini\u00f3n. Haikus en el corredor de la muerte"},"content":{"rendered":"\n<p>Diego Enrique Osorno*<\/p>\n\n\n\n<p>Tengo en mis manos el libro \u201cHaikus en el corredor de la muerte\u201d, publicado por Hiperi\u00f3n. Tambi\u00e9n leo la carta que el pasado 15 de marzo enviaron los colectivos de familias buscadoras de todo el pa\u00eds a la presidenta Claudia Sheinbaum, a ra\u00edz del hallazgo del Colectivo Guerreros Buscadores de Jalisco en el rancho de Teuchitl\u00e1n.<\/p>\n\n\n\n<p>La antolog\u00eda de poemas cortos hecha por Elena Gallegos y Seiko Ota, recoge los \u00faltimos pensamientos y emociones escritos en 17 s\u00edlabas por presos condenados a la pena capital, que es legal en Jap\u00f3n, como de facto se aplica tambi\u00e9n en M\u00e9xico, por grupos armados estatales o coludidos con el Estado.<\/p>\n\n\n\n<p>A lo largo de esta densa noche de insomnio atroz, los dos textos se entrecruzan.<\/p>\n\n\n\n<p>***<\/p>\n\n\n\n<p>Cuando me callo,<\/p>\n\n\n\n<p>la pared empieza a sonar.<\/p>\n\n\n\n<p>Tarde primaveral.<\/p>\n\n\n\n<p>Kooyoo<\/p>\n\n\n\n<p>(ejecutado a los 28 a\u00f1os)<\/p>\n\n\n\n<p>Usted sabe que el campo de exterminio de Teuchitl\u00e1n no es un evento aislado, la desaparici\u00f3n forzada de personas es un horror que se remonta a la Guerra Sucia, que continu\u00f3 en el largo periodo neoliberal y se agudiz\u00f3 en el momento en que Felipe Calder\u00f3n declara la guerra contra las drogas; desde luego que no comenz\u00f3 en su administraci\u00f3n, ni en la de su antecesor, pero tampoco se contuvo entonces ni se contiene ahora. Por el contrario, el fen\u00f3meno se generaliza y el dolor se multiplica en todos los estados de la rep\u00fablica y alcanza a muchos sectores sociales.<\/p>\n\n\n\n<p>***<\/p>\n\n\n\n<p>Como yo,<\/p>\n\n\n\n<p>imprudente y pobre.<\/p>\n\n\n\n<p>Mosca invernal.<\/p>\n\n\n\n<p>Fuuru<\/p>\n\n\n\n<p>(ejecutado a los 27 a\u00f1os)<\/p>\n\n\n\n<p>***<\/p>\n\n\n\n<p>Usted debe saber que somos nosotras, las familias, quienes ante la omisi\u00f3n del Estado hemos asumido la responsabilidad y la carga de la b\u00fasqueda, ya sea en hospitales u oficinas forenses, en redes sociales y bajo la tierra, y que hemos llegado a muchos rincones en los que pensamos podr\u00edamos encontrar a los nuestros.<\/p>\n\n\n\n<p>***<\/p>\n\n\n\n<p>Nombre de mi hijo,<\/p>\n\n\n\n<p>lo escribo y borro,<\/p>\n\n\n\n<p>noche larga.<\/p>\n\n\n\n<p>Hoomei<\/p>\n\n\n\n<p>(ejecutado a los 39 a\u00f1os)<\/p>\n\n\n\n<p>***<\/p>\n\n\n\n<p>Queremos que sepa, Presidenta, que no queremos perder definitivamente la esperanza en encontrar a nuestros familiares, incluidos a los 43 normalistas de Ayotzinapa, ni en que la verdad y la justicia se abran paso, por eso le decimos que ha llegado la hora de que usted nos mire de frente y asuma con nosotros la responsabilidad de buscar a los desaparecidos y parar las desapariciones.<\/p>\n\n\n\n<p>***<\/p>\n\n\n\n<p>Este cuerpo hecho<\/p>\n\n\n\n<p>recuerdo de mi madre,<\/p>\n\n\n\n<p>m\u00e1s est\u00e1 en oto\u00f1o.<\/p>\n\n\n\n<p>Kosan<\/p>\n\n\n\n<p>(ejecutado a los 26 a\u00f1os)<\/p>\n\n\n\n<p>***<\/p>\n\n\n\n<p>Usted, como presidenta de la Rep\u00fablica, debe ya reconocer la existencia de la grave crisis de desapariciones, misma que se materializa en los hallazgos de campos de exterminio, hornos crematorios y fosas clandestinas; una maquinaria de muerte que recuerda lo peor de la historia de la humanidad, donde los muertos y los desaparecidos se cuentan por cientos de miles.<\/p>\n\n\n\n<p>***<\/p>\n\n\n\n<p>Si no hubiera nacido\u2026<\/p>\n\n\n\n<p>pienso.<\/p>\n\n\n\n<p>Noche larga.<\/p>\n\n\n\n<p>Kooshoo<\/p>\n\n\n\n<p>(ejecutado a los 28 a\u00f1os)<\/p>\n\n\n\n<p>***<\/p>\n\n\n\n<p>Sancione a los servidores p\u00fablicos que han permitido por omisi\u00f3n o aquiescencia, el horror que se destap\u00f3 en Teuchitl\u00e1n.<\/p>\n\n\n\n<p>***<\/p>\n\n\n\n<p>Si no hay sue\u00f1os.<\/p>\n\n\n\n<p>ni el \u00e1rbol puede erguirse<\/p>\n\n\n\n<p>en la nieve.<\/p>\n\n\n\n<p>Gyuuho<\/p>\n\n\n\n<p>(ejecutado a los 54 a\u00f1os)<\/p>\n\n\n\n<p>***<\/p>\n\n\n\n<p>Presidenta, que no la enga\u00f1en ni se enga\u00f1e; no pertenecemos a ning\u00fan partido pol\u00edtico, ni tenemos otras banderas que no sean la verdad, la justicia y la presentaci\u00f3n de nuestros seres queridos con vida.<\/p>\n\n\n\n<p>***<\/p>\n\n\n\n<p>Hacia el \u00faltimo momento<\/p>\n\n\n\n<p>sandalias fr\u00edas<\/p>\n\n\n\n<p>vuelvo a calzarme.<\/p>\n\n\n\n<p>Ryuusuishi<\/p>\n\n\n\n<p>(ejecutado a los 25 a\u00f1os)<\/p>\n\n\n\n<p>*Escritor y periodista.<\/p>\n\n\n\n<p>@DiegoEOsorno<\/p>\n","protected":false},"excerpt":{"rendered":"<p>Diego Enrique Osorno* Tengo en mis manos el libro \u201cHaikus en el corredor de la&hellip;<\/p>\n","protected":false},"author":2,"featured_media":67760,"comment_status":"closed","ping_status":"open","sticky":false,"template":"","format":"standard","meta":{"_lmt_disableupdate":"","_lmt_disable":"","_jetpack_memberships_contains_paid_content":false,"footnotes":""},"categories":[456,109],"tags":[3020],"class_list":["post-78700","post","type-post","status-publish","format-standard","has-post-thumbnail","hentry","category-columna","category-minuto-a-minuto","tag-diego-enrique-osorno"],"jetpack_featured_media_url":"https:\/\/zonaroja.com.mx\/wp-content\/uploads\/2024\/04\/Diego-Enrique-Osorno.jpeg","jetpack_sharing_enabled":true,"_links":{"self":[{"href":"https:\/\/zonaroja.com.mx\/index.php?rest_route=\/wp\/v2\/posts\/78700","targetHints":{"allow":["GET"]}}],"collection":[{"href":"https:\/\/zonaroja.com.mx\/index.php?rest_route=\/wp\/v2\/posts"}],"about":[{"href":"https:\/\/zonaroja.com.mx\/index.php?rest_route=\/wp\/v2\/types\/post"}],"author":[{"embeddable":true,"href":"https:\/\/zonaroja.com.mx\/index.php?rest_route=\/wp\/v2\/users\/2"}],"replies":[{"embeddable":true,"href":"https:\/\/zonaroja.com.mx\/index.php?rest_route=%2Fwp%2Fv2%2Fcomments&post=78700"}],"version-history":[{"count":1,"href":"https:\/\/zonaroja.com.mx\/index.php?rest_route=\/wp\/v2\/posts\/78700\/revisions"}],"predecessor-version":[{"id":78701,"href":"https:\/\/zonaroja.com.mx\/index.php?rest_route=\/wp\/v2\/posts\/78700\/revisions\/78701"}],"wp:featuredmedia":[{"embeddable":true,"href":"https:\/\/zonaroja.com.mx\/index.php?rest_route=\/wp\/v2\/media\/67760"}],"wp:attachment":[{"href":"https:\/\/zonaroja.com.mx\/index.php?rest_route=%2Fwp%2Fv2%2Fmedia&parent=78700"}],"wp:term":[{"taxonomy":"category","embeddable":true,"href":"https:\/\/zonaroja.com.mx\/index.php?rest_route=%2Fwp%2Fv2%2Fcategories&post=78700"},{"taxonomy":"post_tag","embeddable":true,"href":"https:\/\/zonaroja.com.mx\/index.php?rest_route=%2Fwp%2Fv2%2Ftags&post=78700"}],"curies":[{"name":"wp","href":"https:\/\/api.w.org\/{rel}","templated":true}]}}