{"id":78702,"date":"2025-03-23T20:41:01","date_gmt":"2025-03-24T02:41:01","guid":{"rendered":"https:\/\/zonaroja.com.mx\/?p=78702"},"modified":"2025-03-23T20:41:03","modified_gmt":"2025-03-24T02:41:03","slug":"deslumbra-la-guelaguetza-oaxaquena-en-la-feria-nayarit-2025","status":"publish","type":"post","link":"https:\/\/zonaroja.com.mx\/?p=78702","title":{"rendered":"Deslumbra la Guelaguetza oaxaque\u00f1a en la Feria Nayarit 2025"},"content":{"rendered":"\n<p>Redacci\u00f3n\/Zona Roja.<\/p>\n\n\n\n<p>Oaxaca de Ju\u00e1rez, Oax., a 23 de marzo de 2025.- Miles de personas disfrutaron y se deslumbraron con los bailes, danzas, m\u00fasica, colorido y tradiciones sin igual de las nueve delegaciones que llegaron desde Oaxaca a la Feria Nayarit 2025 con la presentaci\u00f3n de la Guelaguetza, que signific\u00f3 un acontecimiento cultural y aut\u00e9ntica celebraci\u00f3n popular.<\/p>\n\n\n\n<p>La secretaria de Turismo, Saymi Pineda Velasco expres\u00f3 que, a\u00f1o con a\u00f1o, la m\u00e1xima fiesta de las y los oaxaque\u00f1os atrae a miles de turistas, convirti\u00e9ndose en un punto de encuentro donde la identidad y la diversidad de las ocho regiones se expresan con orgullo.<\/p>\n\n\n\n<p>Con la presencia del gobernador de Nayarit, Miguel \u00c1ngel Navarro Quintero; destac\u00f3 que este tipo de eventos contribuyen a mantener viva la identidad y las tradiciones de las y los oaxaque\u00f1os que radican a lo largo del pa\u00eds, adem\u00e1s de promocionar al estado como destino tur\u00edstico y fomentar un entendimiento m\u00e1s profundo sobre la importancia de preservar las tradiciones en un contexto globalizado.<\/p>\n\n\n\n<p>Cientos de nayaritas se dieron cita en el Recinto Ferial, donde se presentaron 450 mujeres y hombres forjados en el trabajo y en el arte: las Chinas Oaxaque\u00f1as de Casilda Flores; San Pedro Pochutla; Asunci\u00f3n Ixtaltepec; San Juan Bautista Tuxtepec; Santiago Juxtlahuaca; Cuil\u00e1pam de Guerrero; Huajuapan de Le\u00f3n; Santiago Pinotepa Nacional y Putla Villa de Guerrero.<\/p>\n\n\n\n<p>Todos ellos encabezados por la representante de la Diosa Cent\u00e9otl 2024, Juana Hern\u00e1ndez L\u00f3pez, y en compa\u00f1\u00eda de la Banda de M\u00fasica de la Secretar\u00eda de Seguridad y Protecci\u00f3n Ciudadana (SSPC) de Oaxaca.<\/p>\n\n\n\n<p>Pineda Velasco explic\u00f3 que la Guelaguetza, como celebraci\u00f3n ancestral de hermandad y reciprocidad, tiene entre sus elementos centrales la representaci\u00f3n de la Diosa del Ma\u00edz, s\u00edmbolo de fertilidad y abundancia. Esta figura es encarnada por una oaxaque\u00f1a que porta con orgullo su herencia cultural y representa el papel esencial de la mujer en la construcci\u00f3n de las comunidades.<\/p>\n\n\n\n<p>Adem\u00e1s de ser fundamental en la transmisi\u00f3n de tradiciones, la organizaci\u00f3n social y las costumbres que han dado identidad a una tierra orgullosa de sus ra\u00edces.<\/p>\n\n\n\n<p>Las y los asistentes ovacionaron cada presentaci\u00f3n de las delegaciones, cuyas bailarinas y bailarines evocaron la cosmovisi\u00f3n de los pueblos oaxaque\u00f1os, sus tradiciones y la algarab\u00eda de sus fiestas.<\/p>\n\n\n\n<p>Finalmente, la funcionaria estatal invit\u00f3 a las y los nayaritas a visitar Oaxaca y disfrutar de julio, mes de la Guelaguetza 2025, en el Cerro del Fort\u00edn.<\/p>\n\n\n\n<p>\u201cCreemos firmemente en el turismo como herramienta de reconciliaci\u00f3n social, un turismo que valora, respeta y fortalece la identidad de nuestros pueblos, integrando pol\u00edticas con perspectiva intercultural, cercanas a la gente e incluyentes, siempre en respeto de la autodeterminaci\u00f3n de las comunidades\u201d, recalc\u00f3.<\/p>\n","protected":false},"excerpt":{"rendered":"<p>Redacci\u00f3n\/Zona Roja. Oaxaca de Ju\u00e1rez, Oax., a 23 de marzo de 2025.- Miles de personas&hellip;<\/p>\n","protected":false},"author":2,"featured_media":78703,"comment_status":"closed","ping_status":"open","sticky":false,"template":"","format":"standard","meta":{"_lmt_disableupdate":"","_lmt_disable":"","_jetpack_memberships_contains_paid_content":false,"footnotes":""},"categories":[109,46],"tags":[1031],"class_list":["post-78702","post","type-post","status-publish","format-standard","has-post-thumbnail","hentry","category-minuto-a-minuto","category-zona-blanca","tag-secretaria-de-turismo-oaxaca"],"jetpack_featured_media_url":"https:\/\/zonaroja.com.mx\/wp-content\/uploads\/2025\/03\/Guelaguetza-Oaxaca-en-Nayarit.jpeg","jetpack_sharing_enabled":true,"_links":{"self":[{"href":"https:\/\/zonaroja.com.mx\/index.php?rest_route=\/wp\/v2\/posts\/78702","targetHints":{"allow":["GET"]}}],"collection":[{"href":"https:\/\/zonaroja.com.mx\/index.php?rest_route=\/wp\/v2\/posts"}],"about":[{"href":"https:\/\/zonaroja.com.mx\/index.php?rest_route=\/wp\/v2\/types\/post"}],"author":[{"embeddable":true,"href":"https:\/\/zonaroja.com.mx\/index.php?rest_route=\/wp\/v2\/users\/2"}],"replies":[{"embeddable":true,"href":"https:\/\/zonaroja.com.mx\/index.php?rest_route=%2Fwp%2Fv2%2Fcomments&post=78702"}],"version-history":[{"count":1,"href":"https:\/\/zonaroja.com.mx\/index.php?rest_route=\/wp\/v2\/posts\/78702\/revisions"}],"predecessor-version":[{"id":78704,"href":"https:\/\/zonaroja.com.mx\/index.php?rest_route=\/wp\/v2\/posts\/78702\/revisions\/78704"}],"wp:featuredmedia":[{"embeddable":true,"href":"https:\/\/zonaroja.com.mx\/index.php?rest_route=\/wp\/v2\/media\/78703"}],"wp:attachment":[{"href":"https:\/\/zonaroja.com.mx\/index.php?rest_route=%2Fwp%2Fv2%2Fmedia&parent=78702"}],"wp:term":[{"taxonomy":"category","embeddable":true,"href":"https:\/\/zonaroja.com.mx\/index.php?rest_route=%2Fwp%2Fv2%2Fcategories&post=78702"},{"taxonomy":"post_tag","embeddable":true,"href":"https:\/\/zonaroja.com.mx\/index.php?rest_route=%2Fwp%2Fv2%2Ftags&post=78702"}],"curies":[{"name":"wp","href":"https:\/\/api.w.org\/{rel}","templated":true}]}}