{"id":78705,"date":"2025-03-23T20:43:14","date_gmt":"2025-03-24T02:43:14","guid":{"rendered":"https:\/\/zonaroja.com.mx\/?p=78705"},"modified":"2025-03-23T20:43:16","modified_gmt":"2025-03-24T02:43:16","slug":"accidente-carretero-en-nuevo-leon-deja-saldo-de-12-muertos","status":"publish","type":"post","link":"https:\/\/zonaroja.com.mx\/?p=78705","title":{"rendered":"Accidente carretero en Nuevo Le\u00f3n deja saldo de 12 muertos"},"content":{"rendered":"\n<p>Redacci\u00f3n\/Zona Roja Cdmx. Foto: \u00abEl Ma\u00f1ana\u00bb de Nuevo Laredo<\/p>\n\n\n\n<p>Ciudad de M\u00e9xico, a 23 de marzo de 2025.- Un saldo de 12&nbsp;muertos y cuatro personas lesionadas dej\u00f3 el accidente de una camioneta tras caer e incendiarse en un barranco en la carretera a Cola de Caballo, en el municipio de Santiago, Nuevo Le\u00f3n.<\/p>\n\n\n\n<p>El tr\u00e1gico percance ocurri\u00f3 pasado el mediod\u00eda de este domingo a la altura del kil\u00f3metro 14, lo que moviliz\u00f3 a corporaciones de auxilio y rescate.<\/p>\n\n\n\n<p>La camioneta con&nbsp;16 pasajeros presuntamente present\u00f3 una falla mec\u00e1nica en el sistema de frenos, por lo que perdi\u00f3 el control y sali\u00f3 del camino. El veh\u00edculo&nbsp;cay\u00f3 a una altura de 100 metros al fondo del barranco, donde se incendi\u00f3 de inmediato.<\/p>\n\n\n\n<p>Las llamas consumieron r\u00e1pidamente el veh\u00edculo, atrapando a la mayor\u00eda de los pasajeros dentro.<\/p>\n\n\n\n<p>Protecci\u00f3n Civil de Nuevo Le\u00f3n&nbsp;confirm\u00f3 el fallecimiento de 10 personas en el sitio, mientras que cinco m\u00e1s fueron trasladadas a distintos hospitales debido a las lesiones sufridas.<\/p>\n\n\n\n<p>Adem\u00e1s, se inform\u00f3 que un equipo contin\u00faa la b\u00fasqueda de una persona m\u00e1s que viajaba en la camioneta desbarrancada, sin que hasta el momento haya sido localizada.<\/p>\n\n\n\n<p>M\u00e1s tarde se report\u00f3 que el n\u00famero de v\u00edctimas subi\u00f3 a 12, mientras que la cifra de lesionados es de cuatro.&nbsp;<\/p>\n\n\n\n<p>SER\u00cdAN DE NUEVO LAREDO<\/p>\n\n\n\n<p>De acuerdo con los primeros reportes, las v\u00edctimas eran parte de una familia proveniente de Nuevo Laredo, Tamaulipas, que realizaba un viaje por la sierra de Santiago.<\/p>\n\n\n\n<p>Entre los cinco sobrevivientes hay dos menores de edad, quienes fueron trasladados de urgencia a hospitales cercanos para recibir atenci\u00f3n m\u00e9dica.<\/p>\n\n\n\n<p>El impacto y posterior incendio del veh\u00edculo provocaron que las llamas se extendieran hacia la vegetaci\u00f3n, generando un incendio forestal que moviliz\u00f3 a diversas corporaciones para su control.<\/p>\n\n\n\n<p>En la atenci\u00f3n del accidente y el combate del incendio participan unidades de Protecci\u00f3n Civil de Nuevo Le\u00f3n, brigadas de Protecci\u00f3n Civil Santiago, Monterrey, San Nicol\u00e1s y Garc\u00eda, as\u00ed como elementos de la Cruz Roja, el CRUM, Bomberos de Nuevo Le\u00f3n y personal de la Conafor.<\/p>\n\n\n\n<p>Las autoridades informaron que contin\u00faan las labores para sofocar el incendio y se espera m\u00e1s informaci\u00f3n conforme avancen los trabajos de rescate y evaluaci\u00f3n del \u00e1rea afectada.<\/p>\n\n\n\n<p>(Informaci\u00f3n de \u201cMilenio\u201d)<\/p>\n\n\n\n<figure class=\"wp-block-embed\"><div class=\"wp-block-embed__wrapper\">\nhttps:\/\/www.milenio.com\/estados\/van-pasajeros-cae-barranco-incendia-cola-caballo-santiago-nuevo-leon\n<\/div><\/figure>\n","protected":false},"excerpt":{"rendered":"<p>Redacci\u00f3n\/Zona Roja Cdmx. Foto: \u00abEl Ma\u00f1ana\u00bb de Nuevo Laredo Ciudad de M\u00e9xico, a 23 de&hellip;<\/p>\n","protected":false},"author":2,"featured_media":78706,"comment_status":"closed","ping_status":"open","sticky":false,"template":"","format":"standard","meta":{"_lmt_disableupdate":"","_lmt_disable":"","_jetpack_memberships_contains_paid_content":false,"footnotes":""},"categories":[109,51],"tags":[],"class_list":["post-78705","post","type-post","status-publish","format-standard","has-post-thumbnail","hentry","category-minuto-a-minuto","category-zona-roja"],"jetpack_featured_media_url":"https:\/\/zonaroja.com.mx\/wp-content\/uploads\/2025\/03\/Accidente-cola-de-caballo-Nuevo-Leon.jpg","jetpack_sharing_enabled":true,"_links":{"self":[{"href":"https:\/\/zonaroja.com.mx\/index.php?rest_route=\/wp\/v2\/posts\/78705","targetHints":{"allow":["GET"]}}],"collection":[{"href":"https:\/\/zonaroja.com.mx\/index.php?rest_route=\/wp\/v2\/posts"}],"about":[{"href":"https:\/\/zonaroja.com.mx\/index.php?rest_route=\/wp\/v2\/types\/post"}],"author":[{"embeddable":true,"href":"https:\/\/zonaroja.com.mx\/index.php?rest_route=\/wp\/v2\/users\/2"}],"replies":[{"embeddable":true,"href":"https:\/\/zonaroja.com.mx\/index.php?rest_route=%2Fwp%2Fv2%2Fcomments&post=78705"}],"version-history":[{"count":1,"href":"https:\/\/zonaroja.com.mx\/index.php?rest_route=\/wp\/v2\/posts\/78705\/revisions"}],"predecessor-version":[{"id":78707,"href":"https:\/\/zonaroja.com.mx\/index.php?rest_route=\/wp\/v2\/posts\/78705\/revisions\/78707"}],"wp:featuredmedia":[{"embeddable":true,"href":"https:\/\/zonaroja.com.mx\/index.php?rest_route=\/wp\/v2\/media\/78706"}],"wp:attachment":[{"href":"https:\/\/zonaroja.com.mx\/index.php?rest_route=%2Fwp%2Fv2%2Fmedia&parent=78705"}],"wp:term":[{"taxonomy":"category","embeddable":true,"href":"https:\/\/zonaroja.com.mx\/index.php?rest_route=%2Fwp%2Fv2%2Fcategories&post=78705"},{"taxonomy":"post_tag","embeddable":true,"href":"https:\/\/zonaroja.com.mx\/index.php?rest_route=%2Fwp%2Fv2%2Ftags&post=78705"}],"curies":[{"name":"wp","href":"https:\/\/api.w.org\/{rel}","templated":true}]}}