{"id":78708,"date":"2025-03-24T07:33:07","date_gmt":"2025-03-24T13:33:07","guid":{"rendered":"https:\/\/zonaroja.com.mx\/?p=78708"},"modified":"2025-03-24T07:33:10","modified_gmt":"2025-03-24T13:33:10","slug":"aumenta-a-cinco-las-personas-asesinadas-tras-enfrentamiento-en-la-sierra-sur","status":"publish","type":"post","link":"https:\/\/zonaroja.com.mx\/?p=78708","title":{"rendered":"Aumenta a cinco las personas asesinadas tras enfrentamiento en la Sierra Sur"},"content":{"rendered":"\n<p>Raymundo Morales\/Zona Roja.<\/p>\n\n\n\n<p>Oaxaca de Ju\u00e1rez, Oax., a 24 de marzo de 2025.- A cinco ascendi\u00f3 el n\u00famero de personas que perdieron la vida por disparos de arma de fuego, tras el enfrentamiento ocurrido ayer entre San Francisco Coatl\u00e1n y San Sebasti\u00e1n Coatl\u00e1n.<\/p>\n\n\n\n<p>La cifra la confirm\u00f3 la Fiscal\u00eda General del Estado de Oaxaca, que no precis\u00f3 el n\u00famero de personas lesionadas a causa de esta refriega, presuntamente derivada de conflicto de tierras y bosques.<\/p>\n\n\n\n<p>Presuntamente pobladores de San Francisco arribaron a un costado de la supercarretera Oaxaca-Puerto Escondido, a la altura del paraje \u201cEl Limar\u201d, para realizar labores de limpieza con la finalidad de que les construyeran un acceso vial.<\/p>\n\n\n\n<p>Sin embargo, llegaron pobladores de San Sebasti\u00e1n, que reclamaron que eran sus tierras, lo que origin\u00f3 el enfrentamiento.<\/p>\n\n\n\n<p>De maner preliminar se inform\u00f3 que las cinco v\u00edctimas fueron identificadas como Eustaquio L. J., Adri\u00e1n J., Israel P., Javier J. P. y Vidal R., todos adultos.<\/p>\n\n\n\n<p>En un comunicado emitido anoche, la Fiscal\u00eda indic\u00f3 que realiza los trabajos ministeriales correspondientes luego de tomar conocimiento de una agresi\u00f3n con disparos de arma de fuego, ocurrida en la Sierra Sur, \u201cderivado de la cual perdieron la vida cinco personas, adem\u00e1s que otras personas que resultaron lesionadas, quienes est\u00e1n bajo investigaci\u00f3n para determinar si tienen alg\u00fan grado de responsabilidad en los hechos\u201d.<\/p>\n\n\n\n<p>Agreg\u00f3 que las cinco personas del sexo masculino que ya fueron identificadas, por lo que se llevan a cabo los trabajos pertinentes a cargo de la Vicefiscal\u00eda Regional de Valles Centrales.<\/p>\n\n\n\n<p>Expuso que tiene conocimiento de personas lesionadas por estos hechos, quienes reciben atenci\u00f3n m\u00e9dica y se encuentran bajo resguardo a fin de determinar su nivel de responsabilidad, en caso de haber participado en la agresi\u00f3n.<\/p>\n\n\n\n<p>\u201cLos actos ministeriales inicial permitieron recabar informaci\u00f3n gracias a la cual se definieron las primeras l\u00edneas de investigaci\u00f3n con el objetivo de esclarecer los hechos y dar con el paradero de quienes resulten responsables\u201d.<\/p>\n","protected":false},"excerpt":{"rendered":"<p>Raymundo Morales\/Zona Roja. Oaxaca de Ju\u00e1rez, Oax., a 24 de marzo de 2025.- A cinco&hellip;<\/p>\n","protected":false},"author":2,"featured_media":78709,"comment_status":"closed","ping_status":"open","sticky":false,"template":"","format":"standard","meta":{"_lmt_disableupdate":"","_lmt_disable":"","_jetpack_memberships_contains_paid_content":false,"footnotes":""},"categories":[109,51],"tags":[3486],"class_list":["post-78708","post","type-post","status-publish","format-standard","has-post-thumbnail","hentry","category-minuto-a-minuto","category-zona-roja","tag-san-francisco-coatlan"],"jetpack_featured_media_url":"https:\/\/zonaroja.com.mx\/wp-content\/uploads\/2025\/03\/Enfrentamiento-Coatlan-San-Sebastian-y-San-Francisco.jpg","jetpack_sharing_enabled":true,"_links":{"self":[{"href":"https:\/\/zonaroja.com.mx\/index.php?rest_route=\/wp\/v2\/posts\/78708","targetHints":{"allow":["GET"]}}],"collection":[{"href":"https:\/\/zonaroja.com.mx\/index.php?rest_route=\/wp\/v2\/posts"}],"about":[{"href":"https:\/\/zonaroja.com.mx\/index.php?rest_route=\/wp\/v2\/types\/post"}],"author":[{"embeddable":true,"href":"https:\/\/zonaroja.com.mx\/index.php?rest_route=\/wp\/v2\/users\/2"}],"replies":[{"embeddable":true,"href":"https:\/\/zonaroja.com.mx\/index.php?rest_route=%2Fwp%2Fv2%2Fcomments&post=78708"}],"version-history":[{"count":1,"href":"https:\/\/zonaroja.com.mx\/index.php?rest_route=\/wp\/v2\/posts\/78708\/revisions"}],"predecessor-version":[{"id":78710,"href":"https:\/\/zonaroja.com.mx\/index.php?rest_route=\/wp\/v2\/posts\/78708\/revisions\/78710"}],"wp:featuredmedia":[{"embeddable":true,"href":"https:\/\/zonaroja.com.mx\/index.php?rest_route=\/wp\/v2\/media\/78709"}],"wp:attachment":[{"href":"https:\/\/zonaroja.com.mx\/index.php?rest_route=%2Fwp%2Fv2%2Fmedia&parent=78708"}],"wp:term":[{"taxonomy":"category","embeddable":true,"href":"https:\/\/zonaroja.com.mx\/index.php?rest_route=%2Fwp%2Fv2%2Fcategories&post=78708"},{"taxonomy":"post_tag","embeddable":true,"href":"https:\/\/zonaroja.com.mx\/index.php?rest_route=%2Fwp%2Fv2%2Ftags&post=78708"}],"curies":[{"name":"wp","href":"https:\/\/api.w.org\/{rel}","templated":true}]}}