{"id":78711,"date":"2025-03-24T10:30:00","date_gmt":"2025-03-24T16:30:00","guid":{"rendered":"https:\/\/zonaroja.com.mx\/?p=78711"},"modified":"2025-03-24T08:20:05","modified_gmt":"2025-03-24T14:20:05","slug":"opinion-que-esta-pasando-con-la-seguridad-en-oaxaca","status":"publish","type":"post","link":"https:\/\/zonaroja.com.mx\/?p=78711","title":{"rendered":"Opinion. \u00bfQu\u00e9 est\u00e1 pasando con la seguridad en Oaxaca?"},"content":{"rendered":"\n<p>Ismael Garc\u00eda M.\/Zona Roja.<\/p>\n\n\n\n<p>Oaxaca de Ju\u00e1rez, Oax., a 24 de marzo de 2025.- Diversos acontecimientos de violencia han puesto en entredicho las cifras oficiales respecto al descenso del \u00edndice delictivo en Oaxaca.<\/p>\n\n\n\n<p>Apenas este domingo se registr\u00f3 un enfrentamiento con saldo de al menos cinco personas fallecidas por disparos de arma de fuego, en la zona de los Coatlanes, regi\u00f3n Sierra Sur.<\/p>\n\n\n\n<p>La v\u00edspera, dos personas fueron ejecutadas a balazos en Salina Cruz y otra m\u00e1s en Santo Domingo Tehuantepec; el viernes 20 de marzo, previo a la visita de la Presidenta Claudia Sheinbaum, sumaron cinco personas ultimadas a balazos, entre ellas una mujer<\/p>\n\n\n\n<p>La semana pasada tambi\u00e9n, un secuestrado a la luz del d\u00eda, a la vista de polic\u00edas y de ciudadanos, en Ocotl\u00e1n de Morelos, mientras que en Tehuantepec fue asesinada una mujer.&nbsp;<\/p>\n\n\n\n<p>La semana fatal inici\u00f3 el lunes 17 en Puerto Escondido, con el crimen del ex presidente municipal de San Pedro Mixtepec y un doble homicidio en Mat\u00edas Romero.<\/p>\n\n\n\n<p>Y a ello s\u00famele la grave crisis en Bah\u00edas de Huatulco, a ra\u00edz de la desaparici\u00f3n de j\u00f3venes de Tlaxcala, que fueron halladas descuartizadas y ejecutadas en los l\u00edmites de Oaxaca con Puebla.<\/p>\n\n\n\n<p>Tambi\u00e9n, la inconformidad policial que gener\u00f3 un paro de labores de tres d\u00edas y que no ha sido resuelta del todo.<\/p>\n\n\n\n<p>LAS CIFRAS OFICIALES<\/p>\n\n\n\n<p>Es cierto que, en las cifras oficiales, Oaxaca est\u00e1 entre los cinco estados con menor incidencia delictiva.<\/p>\n\n\n\n<p>Se basa en datos del Secretariado Ejecutivo del Sistema Nacional de Seguridad P\u00fablica, que a su vez recibe reportes de la Fiscal\u00eda General del Estado de Oaxaca.<\/p>\n\n\n\n<p>Apenas en febrero pasado se registr\u00f3 un importante descenso de homicidios dolosos, con 43 casos, comparado a los 68 que se cometieron en enero anterior.<\/p>\n\n\n\n<p>El a\u00f1o pasado fueron en total 877 homicidios dolosos, mientras que en el 2023 hubo un registro de 852.<\/p>\n\n\n\n<p>En delitos en general, en el a\u00f1o 2023 se tienen registrados 42 mil 199, mientras que en el 2024 ocurrieron 37 mil 689.&nbsp;<\/p>\n\n\n\n<p>Las autoridades destacan que la mayor\u00eda de los delitos siguen a la baja, como los robos, secuestros, feminicidios, con excepci\u00f3n de la violencia familiar, los homicidios y ahora las extorsiones.<\/p>\n\n\n\n<p>Es cierto tambi\u00e9n que no tenemos un Guanajuato, Jalisco, Tabasco, Chiapas, Veracruz o Guerrero \u2014algunos de ellos estados vecinos\u2014, \u00bfpero estar\u00e1n esperando a que eso suceda?<\/p>\n\n\n\n<p>POLIC\u00cdAS INCONFORMES<\/p>\n\n\n\n<p>El pasado 26 de febrero inici\u00f3 un paro de labores en la Polic\u00eda Estatal, que literalmente se acuartel\u00f3 en su sede en Santa Mar\u00eda Coyotepec, tras lo cual no hubo ninguna sanci\u00f3n por insubordinaci\u00f3n y por el contrario, les concedieron, entre otras cosas, poner al comisionado de la Polic\u00eda Estatal y al jefe de Estado Mayor.<\/p>\n\n\n\n<p>Si, justificables las peticiones, \u00bfpero por qu\u00e9 no se atendieron las demandas y se esper\u00f3 hasta un grave paro de actividades? Y en el a\u00f1o 2023 ocurri\u00f3 algo similar, como ha pasado tambi\u00e9n en a\u00f1os anteriores.<\/p>\n\n\n\n<p>Si se supone que la Secretar\u00eda de Seguridad y Protecci\u00f3n Ciudadana tiene cientos de millones de pesos para el rubro de la seguridad, \u00bfen d\u00f3nde est\u00e1n? Porque aplicados en equipamiento y haberes, no, pues precisamente esa fue la inconformidad inicial.<\/p>\n\n\n\n<p>Y sigui\u00f3 la Polic\u00eda Auxiliar, Bancaria, Industrial y Comercial, el 6 de marzo, donde tambi\u00e9n hubo una inconformidad con un bloqueo temporal de vialidad.&nbsp;<\/p>\n\n\n\n<p>\u00bfAcaso Jos\u00e9 Manuel Vera Salinas \u2014ahora en las filas federales de la Secretar\u00eda de Seguridad\u2014 a\u00fan tiene control en la corporaci\u00f3n? \u00bfAcaso el gobierno de Oaxaca no tiene el control de sus polic\u00edas?<\/p>\n\n\n\n<p>Por supuesto que no est\u00e1n resueltas en su totalidad las demandas de los polic\u00edas, y por supuesto que puede haber m\u00e1s insurrecciones.<\/p>\n\n\n\n<p>ENREDO HUATULCO<\/p>\n\n\n\n<p>La desaparici\u00f3n de varios j\u00f3venes, algunos dicen ocho, otros nueve, ha sido noticia internacional, por la gravedad del caso, y poco a poco las autoridades ministeriales y policiacas han ido develando, por episodios, el misterio.<\/p>\n\n\n\n<p>Fue el 2 de marzo por la tarde en que localizaron nueve cuerpos en un veh\u00edculo y afuera de \u00e9ste, justo en los l\u00edmites de Oaxaca con Puebla, jurisdicci\u00f3n de este \u00faltimo estado.<\/p>\n\n\n\n<p>Ninguna entidad se quer\u00eda hacer responsable del sitio en que fueron asesinados y, hasta ahora, no hay precisi\u00f3n del sitio en que los ultimaron; el secretario de Gobierno, Jes\u00fas Romero, en af\u00e1n protag\u00f3nico, cometi\u00f3 una pifia al mencionar, hace dos semanas, que hab\u00eda una persona detenida por este caso.<\/p>\n\n\n\n<p>La Fiscal\u00eda General del Estado no lo ha confirmado formalmente y \u00fanicamente investiga el probable involucramiento de polic\u00edas municipales de Huatulco y personal de Agencia Estatal de Investigaciones. Se presume que fue un ajuste de cuentas, ha dicho.<\/p>\n\n\n\n<p>\u00bfQUI\u00c9N RESPONSABLE?<\/p>\n\n\n\n<p>Efectivamente, la primera responsabilidad es del Estado, en cuanto a la seguridad de sus ciudadanos, pero en muchos casos ha fallado la pol\u00edtica interna, a trav\u00e9s de la Secretar\u00eda de Gobierno y la Coordinaci\u00f3n de Delegados de Paz.<\/p>\n\n\n\n<p>En el caso de los Coatlanes de este domingo, \u00bfnadie sab\u00eda que pod\u00eda ocurrir una tragedia? \u00bfNadie sab\u00eda del grave peligro entre los dos pueblos? \u00bfEs el \u00fanico conflicto agrario \u00e1lgido? Seguro que no y puede haber m\u00e1s tragedias.<\/p>\n\n\n\n<p>Est\u00e1 tambi\u00e9n la responsabilidad de los ayuntamientos, ahora en su mayor\u00eda morenistas, que en absoluto han puesto de su parte para que haya una mejor seguridad para sus gobernados.<\/p>\n\n\n\n<p>El caso m\u00e1s claro es el de Oaxaca de Ju\u00e1rez, quien reneg\u00f3 del Partido Verde y ahora se dice Morena cien por ciento, pero en los primeros tres meses ha tenido una serie de fallas, principalmente en el tema de la seguridad.<\/p>\n\n\n\n<p>Ah\u00ed est\u00e1n las autoridades de Juchit\u00e1n de Zaragoza, de Santo Domingo Tehuantepec, de San Blas Atempa, de Salina Cruz, de Mat\u00edas Romero, de Santiago Jamiltepec, de Huajuapan de Le\u00f3n, de San Juan Bautista Tuxtepec, de Ejutla de Crespo, de Ocotl\u00e1n de Morelos, que simplemente no abonan en absoluto para la seguridad de la poblaci\u00f3n.<\/p>\n\n\n\n<p>En el caso de la zona metropolitana de la capital, ha habido un esquema de vigilancia tripartita, pero tampoco tiene resultados efectivos.<\/p>\n\n\n\n<p>\u00bfEn d\u00f3nde est\u00e1n los recursos que deben aplicar para la adquisici\u00f3n de patrullas y para el mejoramiento de las condiciones laborales de los polic\u00edas?<\/p>\n\n\n\n<p>S\u00ed, la actividad delictiva es multifactorial y en el caso del Gobierno del Estado, tampoco vemos programas efectivos de prevenci\u00f3n, desde las escuelas, desde las casas. No hay o no se ven m\u00e1s que en fotos para las redes sociales.<\/p>\n\n\n\n<p>La sustituci\u00f3n de tal o cual funcionario no arregla en mucho la problem\u00e1tica pero las autoridades estatales deber\u00e1n enderezar el rumbo, revisar a fondo la situaci\u00f3n y hacer los ajustes necesarios. De lo contrario, Oaxaca seguir\u00e1 en ruta a otros estados ya dominados totalmente por el crimen organizado.<\/p>\n","protected":false},"excerpt":{"rendered":"<p>Ismael Garc\u00eda M.\/Zona Roja. Oaxaca de Ju\u00e1rez, Oax., a 24 de marzo de 2025.- Diversos&hellip;<\/p>\n","protected":false},"author":2,"featured_media":67764,"comment_status":"closed","ping_status":"open","sticky":false,"template":"","format":"standard","meta":{"_lmt_disableupdate":"","_lmt_disable":"","_jetpack_memberships_contains_paid_content":false,"footnotes":""},"categories":[456,109,48],"tags":[1353],"class_list":["post-78711","post","type-post","status-publish","format-standard","has-post-thumbnail","hentry","category-columna","category-minuto-a-minuto","category-zona-critica","tag-opinion-zona-critica"],"jetpack_featured_media_url":"https:\/\/zonaroja.com.mx\/wp-content\/uploads\/2024\/04\/Opinion-Zona-Roja-Ismael-Garcia.jpg","jetpack_sharing_enabled":true,"_links":{"self":[{"href":"https:\/\/zonaroja.com.mx\/index.php?rest_route=\/wp\/v2\/posts\/78711","targetHints":{"allow":["GET"]}}],"collection":[{"href":"https:\/\/zonaroja.com.mx\/index.php?rest_route=\/wp\/v2\/posts"}],"about":[{"href":"https:\/\/zonaroja.com.mx\/index.php?rest_route=\/wp\/v2\/types\/post"}],"author":[{"embeddable":true,"href":"https:\/\/zonaroja.com.mx\/index.php?rest_route=\/wp\/v2\/users\/2"}],"replies":[{"embeddable":true,"href":"https:\/\/zonaroja.com.mx\/index.php?rest_route=%2Fwp%2Fv2%2Fcomments&post=78711"}],"version-history":[{"count":1,"href":"https:\/\/zonaroja.com.mx\/index.php?rest_route=\/wp\/v2\/posts\/78711\/revisions"}],"predecessor-version":[{"id":78712,"href":"https:\/\/zonaroja.com.mx\/index.php?rest_route=\/wp\/v2\/posts\/78711\/revisions\/78712"}],"wp:featuredmedia":[{"embeddable":true,"href":"https:\/\/zonaroja.com.mx\/index.php?rest_route=\/wp\/v2\/media\/67764"}],"wp:attachment":[{"href":"https:\/\/zonaroja.com.mx\/index.php?rest_route=%2Fwp%2Fv2%2Fmedia&parent=78711"}],"wp:term":[{"taxonomy":"category","embeddable":true,"href":"https:\/\/zonaroja.com.mx\/index.php?rest_route=%2Fwp%2Fv2%2Fcategories&post=78711"},{"taxonomy":"post_tag","embeddable":true,"href":"https:\/\/zonaroja.com.mx\/index.php?rest_route=%2Fwp%2Fv2%2Ftags&post=78711"}],"curies":[{"name":"wp","href":"https:\/\/api.w.org\/{rel}","templated":true}]}}