{"id":78713,"date":"2025-03-24T09:32:00","date_gmt":"2025-03-24T15:32:00","guid":{"rendered":"https:\/\/zonaroja.com.mx\/?p=78713"},"modified":"2025-03-24T08:37:02","modified_gmt":"2025-03-24T14:37:02","slug":"que-triste-que-utilicemos-las-armas-para-arreglar-conflictos-arzobispo","status":"publish","type":"post","link":"https:\/\/zonaroja.com.mx\/?p=78713","title":{"rendered":"\u201cQu\u00e9 triste que utilicemos las armas para arreglar conflictos\u201d: Arzobispo"},"content":{"rendered":"\n<p>Raymundo Morales\/Zona Roja.<\/p>\n\n\n\n<p>Oaxaca de Ju\u00e1rez, Oax., a 24 de marzo de 2024.- Los conflictos entre pueblos de Oaxaca no se arregla con armas, porque s\u00f3lo se siembra m\u00e1s odio; se resuelven con di\u00e1logo, precis\u00f3 este domingo el Arzobispo de Antequera Oaxaca, Pedro V\u00e1zquez Villalobos.<\/p>\n\n\n\n<p>Apenas ayer tambi\u00e9n, un conflicto agrario y disputa de bosques gener\u00f3 cinco personas fallecidas, en enfrentamiento entre San Francisco Coatl\u00e1n y San Pablo Coatl\u00e1n.<\/p>\n\n\n\n<p>\u201cNo hemos querido entender que los conflictos o se arreglan con armas, no se arreglan con armas y nuestros pueblos no han querido entender que con las armas lo \u00fanico que hacemos es sembrar m\u00e1s odio y m\u00e1s venganza, y esto no se va a terminar.<\/p>\n\n\n\n<p>\u201cMataste a mi padre, mato a tu padre. Mataste a mi hijo, mato a tu hijo. Te viniste como pueblo para atacarnos, yo, pueblo, te ataco en otro momento, espero mi momento para atacarte.<\/p>\n\n\n\n<p>\u201cLos conflictos no se arreglan as\u00ed, los conflictos se arreglan sent\u00e1ndonos, hablando y escuchando. \u00bfNo nos podemos poner de acuerdo? Qu\u00e9 triste que utilicemos las armas para poder arreglar un conflicto y ah\u00ed est\u00e1n, muertos, heridos y qu\u00e9 arreglaron, lo desarreglaron m\u00e1s, lo desarreglaron m\u00e1s\u201d, expuso.<\/p>\n\n\n\n<p>Durante su homil\u00eda dominical en la Catedral metropolitana, expuso que de manera frecuente recorre las comunidades, donde escucha quejas de ataques armados y pleitos y donde tambi\u00e9n los convoca a la paz, a ponerse de acuerdo, a respetarse.<\/p>\n\n\n\n<p>\u201cY s\u00ed, a veces mis padrecitos me dicen, por all\u00e1, a veces a medianoche: Monse\u00f1or, p\u00f3ngase a rezar, hay conflictos en mi parroquia, hay conflictos en los pueblos a los que yo estoy encomendado.&nbsp;<\/p>\n\n\n\n<p>\u201cRece, rece y me lo dicen muy preocupados, muy asustados, porque tambi\u00e9n son humanos, se asustan. Escuchan, escuchan a veces las balaceras. Qu\u00e9 dif\u00edcil. As\u00ed viven a veces nuestros pueblos\u201d.<\/p>\n\n\n\n<p>Convoc\u00f3 a acercarse a Dios y no cerrarse a la ira y al odio, porque \u201ccuando el Se\u00f1or nos dice: Ama a tu hermano, perdona a tu hermano y perd\u00f3nala setenta veces siete, que significa siempre\u201d.<\/p>\n","protected":false},"excerpt":{"rendered":"<p>Raymundo Morales\/Zona Roja. Oaxaca de Ju\u00e1rez, Oax., a 24 de marzo de 2024.- Los conflictos&hellip;<\/p>\n","protected":false},"author":2,"featured_media":78714,"comment_status":"closed","ping_status":"open","sticky":false,"template":"","format":"standard","meta":{"_lmt_disableupdate":"","_lmt_disable":"","_jetpack_memberships_contains_paid_content":false,"footnotes":""},"categories":[109,47],"tags":[992],"class_list":["post-78713","post","type-post","status-publish","format-standard","has-post-thumbnail","hentry","category-minuto-a-minuto","category-zona-gris","tag-arzobispo-de-antequera-oaxaca"],"jetpack_featured_media_url":"https:\/\/zonaroja.com.mx\/wp-content\/uploads\/2025\/03\/Arzobispo-de-Antequera-Oaxaca.jpg","jetpack_sharing_enabled":true,"_links":{"self":[{"href":"https:\/\/zonaroja.com.mx\/index.php?rest_route=\/wp\/v2\/posts\/78713","targetHints":{"allow":["GET"]}}],"collection":[{"href":"https:\/\/zonaroja.com.mx\/index.php?rest_route=\/wp\/v2\/posts"}],"about":[{"href":"https:\/\/zonaroja.com.mx\/index.php?rest_route=\/wp\/v2\/types\/post"}],"author":[{"embeddable":true,"href":"https:\/\/zonaroja.com.mx\/index.php?rest_route=\/wp\/v2\/users\/2"}],"replies":[{"embeddable":true,"href":"https:\/\/zonaroja.com.mx\/index.php?rest_route=%2Fwp%2Fv2%2Fcomments&post=78713"}],"version-history":[{"count":1,"href":"https:\/\/zonaroja.com.mx\/index.php?rest_route=\/wp\/v2\/posts\/78713\/revisions"}],"predecessor-version":[{"id":78715,"href":"https:\/\/zonaroja.com.mx\/index.php?rest_route=\/wp\/v2\/posts\/78713\/revisions\/78715"}],"wp:featuredmedia":[{"embeddable":true,"href":"https:\/\/zonaroja.com.mx\/index.php?rest_route=\/wp\/v2\/media\/78714"}],"wp:attachment":[{"href":"https:\/\/zonaroja.com.mx\/index.php?rest_route=%2Fwp%2Fv2%2Fmedia&parent=78713"}],"wp:term":[{"taxonomy":"category","embeddable":true,"href":"https:\/\/zonaroja.com.mx\/index.php?rest_route=%2Fwp%2Fv2%2Fcategories&post=78713"},{"taxonomy":"post_tag","embeddable":true,"href":"https:\/\/zonaroja.com.mx\/index.php?rest_route=%2Fwp%2Fv2%2Ftags&post=78713"}],"curies":[{"name":"wp","href":"https:\/\/api.w.org\/{rel}","templated":true}]}}