{"id":78724,"date":"2025-03-24T18:02:40","date_gmt":"2025-03-25T00:02:40","guid":{"rendered":"https:\/\/zonaroja.com.mx\/?p=78724"},"modified":"2025-03-24T18:02:42","modified_gmt":"2025-03-25T00:02:42","slug":"asesinan-a-dos-personas-en-zona-metropolitana-de-oaxaca","status":"publish","type":"post","link":"https:\/\/zonaroja.com.mx\/?p=78724","title":{"rendered":"Asesinan a dos personas en zona metropolitana de Oaxaca"},"content":{"rendered":"\n<p>Ismael Garc\u00eda\/Zona Roja.<\/p>\n\n\n\n<p>Oaxaca de Ju\u00e1rez, Oax., a 24 de marzo de 2025.- En menos de 12 horas, dos personas del sexo masculino fueron asesinados en la zona metropolitana de la capital de Oaxaca.<\/p>\n\n\n\n<p>El caso m\u00e1s reciente ocurri\u00f3 la tarde de este lunes en la calle de Zaragoza casi esquina con Perif\u00e9rico, cerca de la Central de Abasto.<\/p>\n\n\n\n<p>Un hombre, identificado de manera preliminar como Jaime G. C., fue ultimado con arma blanca, tras presuntamente resistirse un asalto.<\/p>\n\n\n\n<p>Y es que en la zona comercial popular donde supuestamente hay polic\u00edas de manera continua, no hubo alguno que impidiera o persiguiera al delincuente.<\/p>\n\n\n\n<p>Personal de la Cruz Roja Mexicana arrib\u00f3 al sitio y dio las primeras atenciones m\u00e9dicas al agredido, pero corrobor\u00f3 que ya hab\u00eda perdido los signos vitales.<\/p>\n\n\n\n<p>Se inform\u00f3 que el hombre de 65 a\u00f1os de edad tuvo su domicilio en la colonia Emiliano Zapata de la Villa de Zaachila.<\/p>\n\n\n\n<p>Horas antes, durante la ma\u00f1ana de este lunes, en la calle de la agencia de San Antonio Arrazola, municipio de Santa Cruz Xoxocotl\u00e1n, otro hombre fue agredido, presuntamente con disparos de arma de fuego.<\/p>\n\n\n\n<p>El individuo fue trasladado en una ambulancia a la cl\u00ednica Santa Anita, pero al llegar, ya no contaba con signos vitales.<\/p>\n\n\n\n<p>Ambos casos son investigados por peritos y agentes de la Fiscal\u00eda General del Estado de Oaxaca.<\/p>\n","protected":false},"excerpt":{"rendered":"<p>Ismael Garc\u00eda\/Zona Roja. Oaxaca de Ju\u00e1rez, Oax., a 24 de marzo de 2025.- En menos&hellip;<\/p>\n","protected":false},"author":2,"featured_media":78725,"comment_status":"closed","ping_status":"open","sticky":false,"template":"","format":"standard","meta":{"_lmt_disableupdate":"","_lmt_disable":"","_jetpack_memberships_contains_paid_content":false,"footnotes":""},"categories":[109,51],"tags":[148,133],"class_list":["post-78724","post","type-post","status-publish","format-standard","has-post-thumbnail","hentry","category-minuto-a-minuto","category-zona-roja","tag-oaxaca-de-juarez","tag-santa-cruz-xoxocotlan"],"jetpack_featured_media_url":"https:\/\/zonaroja.com.mx\/wp-content\/uploads\/2025\/03\/Asesinado-ciudad-de-Oaxaca-Zaragoza-y-Periferico.jpg","jetpack_sharing_enabled":true,"_links":{"self":[{"href":"https:\/\/zonaroja.com.mx\/index.php?rest_route=\/wp\/v2\/posts\/78724","targetHints":{"allow":["GET"]}}],"collection":[{"href":"https:\/\/zonaroja.com.mx\/index.php?rest_route=\/wp\/v2\/posts"}],"about":[{"href":"https:\/\/zonaroja.com.mx\/index.php?rest_route=\/wp\/v2\/types\/post"}],"author":[{"embeddable":true,"href":"https:\/\/zonaroja.com.mx\/index.php?rest_route=\/wp\/v2\/users\/2"}],"replies":[{"embeddable":true,"href":"https:\/\/zonaroja.com.mx\/index.php?rest_route=%2Fwp%2Fv2%2Fcomments&post=78724"}],"version-history":[{"count":1,"href":"https:\/\/zonaroja.com.mx\/index.php?rest_route=\/wp\/v2\/posts\/78724\/revisions"}],"predecessor-version":[{"id":78726,"href":"https:\/\/zonaroja.com.mx\/index.php?rest_route=\/wp\/v2\/posts\/78724\/revisions\/78726"}],"wp:featuredmedia":[{"embeddable":true,"href":"https:\/\/zonaroja.com.mx\/index.php?rest_route=\/wp\/v2\/media\/78725"}],"wp:attachment":[{"href":"https:\/\/zonaroja.com.mx\/index.php?rest_route=%2Fwp%2Fv2%2Fmedia&parent=78724"}],"wp:term":[{"taxonomy":"category","embeddable":true,"href":"https:\/\/zonaroja.com.mx\/index.php?rest_route=%2Fwp%2Fv2%2Fcategories&post=78724"},{"taxonomy":"post_tag","embeddable":true,"href":"https:\/\/zonaroja.com.mx\/index.php?rest_route=%2Fwp%2Fv2%2Ftags&post=78724"}],"curies":[{"name":"wp","href":"https:\/\/api.w.org\/{rel}","templated":true}]}}