{"id":78736,"date":"2025-03-25T07:25:00","date_gmt":"2025-03-25T13:25:00","guid":{"rendered":"https:\/\/zonaroja.com.mx\/?p=78736"},"modified":"2025-03-25T06:30:38","modified_gmt":"2025-03-25T12:30:38","slug":"identifican-a-ejecutado-en-el-istmo-dos-baleados-en-la-mixteca","status":"publish","type":"post","link":"https:\/\/zonaroja.com.mx\/?p=78736","title":{"rendered":"Identifican a ejecutado en el Istmo; dos baleados en la Mixteca"},"content":{"rendered":"\n<p>Ismael Garc\u00eda M.\/Zona Roja.<\/p>\n\n\n\n<p>Oaxaca de Ju\u00e1rez, Oax., a 25 de marzo de 2025.- Como Romeo M. F., alias \u201cEl Pinto\u201d, fue identificada la persona asesinada a balazos anoche en el municipio de Salina Cruz, donde adem\u00e1s hubo tres personas lesionadas.<\/p>\n\n\n\n<p>Los hechos sucedieron en la calle Mazatl\u00e1n casi esquina con avenida 5 de Mayo, centro de la ciudad y puerto, donde el hoy occiso transitaba a bordo de su unidad de motor, cuando fue atacado a balazos.<\/p>\n\n\n\n<p>Tras ello, la unidad de motor continu\u00f3 su marcha y provoc\u00f3 al menos dos percances viales.<\/p>\n\n\n\n<p>Param\u00e9dicos de la Comisi\u00f3n Nacional de Emergencias arribaron al sitio para atender a la v\u00edctima, pero corrobor\u00f3 que ya no contaba con signos vitales, ene tanto que al menos tres personas, entre ellas un menor de edad, fueron canalizadas a un hospital.<\/p>\n\n\n\n<p>Personal de la Vicefiscal\u00eda Regional del Istmo indaga los hechos y de manera preliminar se inform\u00f3 que el hoy occiso contaba con antecedentes penales.<\/p>\n\n\n\n<p>Por otra parte, en el municipio de Zapotitl\u00e1n Palmas, de la regi\u00f3n Mixteca, una reuni\u00f3n vecinal termin\u00f3 con disparos de armas de fuego.<\/p>\n\n\n\n<p>Los hechos sucedieron en el Ejido Presidente L\u00f3pez Mateos, al que acudieron autoridades, una de las cuales termin\u00f3 lesionada.<\/p>\n\n\n\n<p>Se trata del regidor de Obras, as\u00ed como un polic\u00eda municipal, quienes fueron trasladados a un nosocomio de Huajuapan de Le\u00f3n; al momento se desconoce a\u00fan su estado de salud.<\/p>\n\n\n\n<p>La Vicefiscal\u00eda Regional de la Mixteca tom\u00f3 conocimiento del caso e inici\u00f3 las investigaciones, con la finalidad de esclarecer el caso.<\/p>\n","protected":false},"excerpt":{"rendered":"<p>Ismael Garc\u00eda M.\/Zona Roja. Oaxaca de Ju\u00e1rez, Oax., a 25 de marzo de 2025.- Como&hellip;<\/p>\n","protected":false},"author":2,"featured_media":78737,"comment_status":"closed","ping_status":"open","sticky":false,"template":"","format":"standard","meta":{"_lmt_disableupdate":"","_lmt_disable":"","_jetpack_memberships_contains_paid_content":false,"footnotes":""},"categories":[109,51],"tags":[4053],"class_list":["post-78736","post","type-post","status-publish","format-standard","has-post-thumbnail","hentry","category-minuto-a-minuto","category-zona-roja","tag-asesinato-salina-cruz"],"jetpack_featured_media_url":"https:\/\/zonaroja.com.mx\/wp-content\/uploads\/2025\/03\/Asesinado-Salina-Cruz.jpeg","jetpack_sharing_enabled":true,"_links":{"self":[{"href":"https:\/\/zonaroja.com.mx\/index.php?rest_route=\/wp\/v2\/posts\/78736","targetHints":{"allow":["GET"]}}],"collection":[{"href":"https:\/\/zonaroja.com.mx\/index.php?rest_route=\/wp\/v2\/posts"}],"about":[{"href":"https:\/\/zonaroja.com.mx\/index.php?rest_route=\/wp\/v2\/types\/post"}],"author":[{"embeddable":true,"href":"https:\/\/zonaroja.com.mx\/index.php?rest_route=\/wp\/v2\/users\/2"}],"replies":[{"embeddable":true,"href":"https:\/\/zonaroja.com.mx\/index.php?rest_route=%2Fwp%2Fv2%2Fcomments&post=78736"}],"version-history":[{"count":1,"href":"https:\/\/zonaroja.com.mx\/index.php?rest_route=\/wp\/v2\/posts\/78736\/revisions"}],"predecessor-version":[{"id":78738,"href":"https:\/\/zonaroja.com.mx\/index.php?rest_route=\/wp\/v2\/posts\/78736\/revisions\/78738"}],"wp:featuredmedia":[{"embeddable":true,"href":"https:\/\/zonaroja.com.mx\/index.php?rest_route=\/wp\/v2\/media\/78737"}],"wp:attachment":[{"href":"https:\/\/zonaroja.com.mx\/index.php?rest_route=%2Fwp%2Fv2%2Fmedia&parent=78736"}],"wp:term":[{"taxonomy":"category","embeddable":true,"href":"https:\/\/zonaroja.com.mx\/index.php?rest_route=%2Fwp%2Fv2%2Fcategories&post=78736"},{"taxonomy":"post_tag","embeddable":true,"href":"https:\/\/zonaroja.com.mx\/index.php?rest_route=%2Fwp%2Fv2%2Ftags&post=78736"}],"curies":[{"name":"wp","href":"https:\/\/api.w.org\/{rel}","templated":true}]}}