{"id":78739,"date":"2025-03-25T08:15:00","date_gmt":"2025-03-25T14:15:00","guid":{"rendered":"https:\/\/zonaroja.com.mx\/?p=78739"},"modified":"2025-03-25T06:39:33","modified_gmt":"2025-03-25T12:39:33","slug":"pese-a-inversiones-hospital-de-la-mujer-y-la-ninez-se-encontraba-abandonado","status":"publish","type":"post","link":"https:\/\/zonaroja.com.mx\/?p=78739","title":{"rendered":"Pese a inversiones, Hospital de la Mujer y la Ni\u00f1ez se encontraba abandonado"},"content":{"rendered":"\n<p>Redacci\u00f3n\/Zona Roja.&nbsp;<\/p>\n\n\n\n<p>Oaxaca de Ju\u00e1rez, Oax., a 25 de marzo de 2025.- &nbsp;El gobernador Salom\u00f3n Jara Cruz explic\u00f3 las acciones que realiz\u00f3 su administraci\u00f3n para reordenar el proyecto del Hospital de la Mujer y la Ni\u00f1ez Oaxaque\u00f1a, que fue inaugurado el viernes pasado.<\/p>\n\n\n\n<p>En conferencia de prensa, el mandatario estatal se\u00f1al\u00f3 que, cuando inici\u00f3 su administraci\u00f3n, recibi\u00f3 este inmueble como un \u201celefante blanco\u201d, sin que siquiera hubiera certeza jur\u00eddica sobre la posesi\u00f3n del inmueble.<\/p>\n\n\n\n<p>\u201cHay quienes pretenden desinformar y confundir al pueblo, diciendo que el hospital ya hab\u00eda sido inaugurado por el anterior gobierno estatal. Dicen que ya exist\u00eda, que ya se hab\u00eda inaugurado una, dos, tres veces; y la verdad es que este hospital no ten\u00eda ni pies ni cabeza\u201d, dijo.<\/p>\n\n\n\n<p>En este sentido, Jara Cruz reiter\u00f3 su agradecimiento a la Presidenta Claudia Sheinbaum, quien apoy\u00f3 con todas las medidas realizadas para poner en marcha este centro m\u00e9dico, que, con los gobiernos de la Cuarta Transformaci\u00f3n y la Primavera Oaxaque\u00f1a, es una realidad; en la que la salud dej\u00f3 de ser una mercanc\u00eda, y pas\u00f3 a ser un derecho.<\/p>\n\n\n\n<p>ENREDO LEGAL<\/p>\n\n\n\n<p>Al respecto, el titular de la Consejer\u00eda Jur\u00eddica y Asistencia Legal del Gobierno de Oaxaca, Geovany V\u00e1squez Sagrero record\u00f3 que la administraci\u00f3n estatal anterior entreg\u00f3 este edificio al Instituto de Seguridad y Servicios Sociales de los Trabajadores del Estado (ISSSTE), en pago por pasivos por concepto de cuotas.<\/p>\n\n\n\n<p>\u201cDejaron un desorden total en el tema de la escritura; quisieron realizar una operaci\u00f3n que se llama jur\u00eddicamente daci\u00f3n en pago, sin embargo, lo hicieron mal, lo hicieron privado, no lo llevaron ante un notario p\u00fablico, no elevaron a escritura p\u00fablica este instrumento, ni hicieron la inscripci\u00f3n en el Instituto Catastral y el Instituto de la Funci\u00f3n Registral\u201d, dijo.<\/p>\n\n\n\n<p>El funcionario detall\u00f3 que, la administraci\u00f3n del Gobernador Salom\u00f3n Jara, llev\u00f3 a cabo todas las gestiones ante el ISSSTE y el IMSS-Bienestar para regularizar la documentaci\u00f3n de este hospital.<\/p>\n\n\n\n<p>Hoy, agreg\u00f3, se cuenta con una inscripci\u00f3n registral, una c\u00e9dula catastral, y ante el Instituto de Administraci\u00f3n y Aval\u00faos de Bienes Nacionales (Indaabin).<\/p>\n\n\n\n<p>El Hospital General de la Mujer y la Ni\u00f1ez Oaxaque\u00f1a beneficiar\u00e1 a un mill\u00f3n 750 mil personas no derechohabientes; con tecnolog\u00eda \u00fanica en el estado, como: un tom\u00f3grafo de 128 cortes; el primer mast\u00f3grafo digital y el primer fluoroscopio en la entidad; adem\u00e1s, brinda el primer servicio de neonatolog\u00eda con cunas de calor radiante y fototerapia para atender a beb\u00e9s prematuros.<\/p>\n","protected":false},"excerpt":{"rendered":"<p>Redacci\u00f3n\/Zona Roja.&nbsp; Oaxaca de Ju\u00e1rez, Oax., a 25 de marzo de 2025.- &nbsp;El gobernador Salom\u00f3n&hellip;<\/p>\n","protected":false},"author":2,"featured_media":78740,"comment_status":"closed","ping_status":"open","sticky":false,"template":"","format":"standard","meta":{"_lmt_disableupdate":"","_lmt_disable":"","_jetpack_memberships_contains_paid_content":false,"footnotes":""},"categories":[109,46],"tags":[939],"class_list":["post-78739","post","type-post","status-publish","format-standard","has-post-thumbnail","hentry","category-minuto-a-minuto","category-zona-blanca","tag-salomon-jara-cruz"],"jetpack_featured_media_url":"https:\/\/zonaroja.com.mx\/wp-content\/uploads\/2025\/03\/Hospital-de-la-Mujer-y-de-la-Ninez.jpeg","jetpack_sharing_enabled":true,"_links":{"self":[{"href":"https:\/\/zonaroja.com.mx\/index.php?rest_route=\/wp\/v2\/posts\/78739","targetHints":{"allow":["GET"]}}],"collection":[{"href":"https:\/\/zonaroja.com.mx\/index.php?rest_route=\/wp\/v2\/posts"}],"about":[{"href":"https:\/\/zonaroja.com.mx\/index.php?rest_route=\/wp\/v2\/types\/post"}],"author":[{"embeddable":true,"href":"https:\/\/zonaroja.com.mx\/index.php?rest_route=\/wp\/v2\/users\/2"}],"replies":[{"embeddable":true,"href":"https:\/\/zonaroja.com.mx\/index.php?rest_route=%2Fwp%2Fv2%2Fcomments&post=78739"}],"version-history":[{"count":1,"href":"https:\/\/zonaroja.com.mx\/index.php?rest_route=\/wp\/v2\/posts\/78739\/revisions"}],"predecessor-version":[{"id":78741,"href":"https:\/\/zonaroja.com.mx\/index.php?rest_route=\/wp\/v2\/posts\/78739\/revisions\/78741"}],"wp:featuredmedia":[{"embeddable":true,"href":"https:\/\/zonaroja.com.mx\/index.php?rest_route=\/wp\/v2\/media\/78740"}],"wp:attachment":[{"href":"https:\/\/zonaroja.com.mx\/index.php?rest_route=%2Fwp%2Fv2%2Fmedia&parent=78739"}],"wp:term":[{"taxonomy":"category","embeddable":true,"href":"https:\/\/zonaroja.com.mx\/index.php?rest_route=%2Fwp%2Fv2%2Fcategories&post=78739"},{"taxonomy":"post_tag","embeddable":true,"href":"https:\/\/zonaroja.com.mx\/index.php?rest_route=%2Fwp%2Fv2%2Ftags&post=78739"}],"curies":[{"name":"wp","href":"https:\/\/api.w.org\/{rel}","templated":true}]}}